{"id":1060,"date":"2021-04-14T15:07:28","date_gmt":"2021-04-14T13:07:28","guid":{"rendered":"https:\/\/sitetest.anpej.sn\/?p=93"},"modified":"2021-04-14T15:07:28","modified_gmt":"2021-04-14T13:07:28","slug":"tremplin-startup-uemoa","status":"publish","type":"post","link":"https:\/\/anpej.sn\/accueil\/tremplin-startup-uemoa\/","title":{"rendered":"TREMPLIN STARTUP UEMOA"},"content":{"rendered":"\n<div dir=\"auto\">\n<div dir=\"auto\" style=\"text-align: center;\"><a href=\"http:\/\/anpej.sn\/appel-a-candidature\/\">APPEL A CANDIDATURES<\/a><br \/>_____________________________________<\/div>\n<div dir=\"auto\"><br \/>La Commission de l\u2019Union \u00c9conomique et Mon\u00e9taire Ouest-Africaine (UEMOA) lance, en collaboration avec la Chambre Consulaire R\u00e9gionale de l\u2019UEMOA (CCR-UEMOA) et les Chambres Consulaires nationales (CCn) des \u00c9tats membres de l\u2019UEMOA, la<br \/>deuxi\u00e8me \u00e9dition du Concours TREMPLIN STARTUP UEMOA. <br \/>D\u2019une dimension nationale et r\u00e9gionale, ce Concours se tient simultan\u00e9ment dans les huit (08) \u00c9tats membres de l\u2019UEMOA \u00e0 savoir : le B\u00e9nin, le Burkina Faso, la C\u00f4te d\u2019Ivoire, la Guin\u00e9e-Bissau, le Mali, le Niger, le S\u00e9n\u00e9gal et le Togo. <br \/>Le pr\u00e9sent Concours a pour objectif de soutenir les efforts de promotion d\u2019un entrepreneuriat moderne et innovant et d\u2019acc\u00e9l\u00e9rer le d\u00e9veloppement des startups de l\u2019espace communautaire UEMOA. Plus sp\u00e9cifiquement, le Concours vise \u00e0 identifier,<\/div>\n<\/div>\n","protected":false},"excerpt":{"rendered":"<p>ANPEJ, a proc\u00e9d\u00e9 le lancement du Syst\u00e8me d&#8217;Information ce Samedi 22 mai 2021 \u00e0 l&#8217;h\u00f4tel Radisson de Dakar \u00e0 partir de 10 heures . La c\u00e9r\u00e9monie sera pr\u00e9sid\u00e9e par Madame le Ministre de la Jeunesse, en pr\u00e9sence du Directeur G\u00e9n\u00e9ral de l&#8217;agence, de nos partenaires dans la mise en \u0153uvre du Syst\u00e8me d&#8217;Information et de nombreux autres invit\u00e9s<\/p>\n","protected":false},"author":1,"featured_media":5745,"comment_status":"open","ping_status":"open","sticky":false,"template":"","format":"standard","meta":{"footnotes":""},"categories":[41,1],"tags":[],"class_list":["post-1060","post","type-post","status-publish","format-standard","has-post-thumbnail","hentry","category-actualite","category-non-classe"],"rttpg_featured_image_url":null,"rttpg_author":{"display_name":"admin","author_link":"https:\/\/anpej.sn\/accueil\/author\/admin\/"},"rttpg_comment":31,"rttpg_category":"<a href=\"https:\/\/anpej.sn\/accueil\/category\/actualite\/\" rel=\"category tag\">actualit\u00e9<\/a> <a href=\"https:\/\/anpej.sn\/accueil\/category\/non-classe\/\" rel=\"category tag\">Non class\u00e9<\/a>","rttpg_excerpt":"ANPEJ, a proc\u00e9d\u00e9 le lancement du Syst\u00e8me d'Information ce Samedi 22 mai 2021 \u00e0 l'h\u00f4tel Radisson de Dakar \u00e0 partir de 10 heures . La c\u00e9r\u00e9monie sera pr\u00e9sid\u00e9e par Madame le Ministre de la Jeunesse, en pr\u00e9sence du Directeur G\u00e9n\u00e9ral de l'agence, de nos partenaires dans la mise en \u0153uvre du Syst\u00e8me d'Information et de\u2026","_links":{"self":[{"href":"https:\/\/anpej.sn\/accueil\/wp-json\/wp\/v2\/posts\/1060","targetHints":{"allow":["GET"]}}],"collection":[{"href":"https:\/\/anpej.sn\/accueil\/wp-json\/wp\/v2\/posts"}],"about":[{"href":"https:\/\/anpej.sn\/accueil\/wp-json\/wp\/v2\/types\/post"}],"author":[{"embeddable":true,"href":"https:\/\/anpej.sn\/accueil\/wp-json\/wp\/v2\/users\/1"}],"replies":[{"embeddable":true,"href":"https:\/\/anpej.sn\/accueil\/wp-json\/wp\/v2\/comments?post=1060"}],"version-history":[{"count":0,"href":"https:\/\/anpej.sn\/accueil\/wp-json\/wp\/v2\/posts\/1060\/revisions"}],"wp:featuredmedia":[{"embeddable":true,"href":"https:\/\/anpej.sn\/accueil\/wp-json\/"}],"wp:attachment":[{"href":"https:\/\/anpej.sn\/accueil\/wp-json\/wp\/v2\/media?parent=1060"}],"wp:term":[{"taxonomy":"category","embeddable":true,"href":"https:\/\/anpej.sn\/accueil\/wp-json\/wp\/v2\/categories?post=1060"},{"taxonomy":"post_tag","embeddable":true,"href":"https:\/\/anpej.sn\/accueil\/wp-json\/wp\/v2\/tags?post=1060"}],"curies":[{"name":"wp","href":"https:\/\/api.w.org\/{rel}","templated":true}]}}