{"id":11366,"date":"2023-11-09T11:38:10","date_gmt":"2023-11-09T11:38:10","guid":{"rendered":"https:\/\/anpej.sn\/?p=11366"},"modified":"2023-11-09T11:38:10","modified_gmt":"2023-11-09T11:38:10","slug":"__trashed","status":"publish","type":"post","link":"https:\/\/anpej.sn\/accueil\/__trashed\/","title":{"rendered":"Accord de coop\u00e9ration entre l\u2019Anpej et l\u2019OIM."},"content":{"rendered":"<h2><\/h2>\n<div class=\"xdj266r x11i5rnm xat24cr x1mh8g0r x1vvkbs x126k92a\">\n<div dir=\"auto\" style=\"text-align: justify;\">Accord de coop\u00e9ration entre l\u2019ANPEJ et l\u2019Organisation Internationale pour les migrations. Le S\u00e9n\u00e9gal fait face aux d\u00e9fis de la migration irr\u00e9guli\u00e8re. L\u2019ampleur du ph\u00e9nom\u00e8ne montre la n\u00e9cessit\u00e9 de le combattre par des actions concr\u00e8tes. L\u2019OIM et l\u2019ANPEJ consentent de mutualiser davantage leurs \u00e9nergies pour promouvoir l\u2019emploi des jeunes, la r\u00e9int\u00e9gration des migrants de retour, la formation et le renforcement de l\u2019employabilit\u00e9 des cibles.<\/div>\n<\/div>\n","protected":false},"excerpt":{"rendered":"<p>Accord de coop\u00e9ration entre l\u2019ANPEJ et l\u2019Organisation Internationale pour les migrations. Le S\u00e9n\u00e9gal fait face aux d\u00e9fis de la migration irr\u00e9guli\u00e8re. L\u2019ampleur du ph\u00e9nom\u00e8ne montre la n\u00e9cessit\u00e9 de le combattre [&hellip;]<\/p>\n","protected":false},"author":1,"featured_media":13519,"comment_status":"open","ping_status":"open","sticky":false,"template":"","format":"standard","meta":{"footnotes":""},"categories":[41,1],"tags":[],"class_list":["post-11366","post","type-post","status-publish","format-standard","has-post-thumbnail","hentry","category-actualite","category-non-classe"],"rttpg_featured_image_url":{"full":["https:\/\/anpej.sn\/accueil\/wp-content\/uploads\/2023\/11\/OIM.jpg",2048,1536,false],"landscape":["https:\/\/anpej.sn\/accueil\/wp-content\/uploads\/2023\/11\/OIM.jpg",2048,1536,false],"portraits":["https:\/\/anpej.sn\/accueil\/wp-content\/uploads\/2023\/11\/OIM.jpg",2048,1536,false],"thumbnail":["https:\/\/anpej.sn\/accueil\/wp-content\/uploads\/2023\/11\/OIM-175x175.jpg",175,175,true],"medium":["https:\/\/anpej.sn\/accueil\/wp-content\/uploads\/2023\/11\/OIM-600x540.jpg",600,540,true],"large":["https:\/\/anpej.sn\/accueil\/wp-content\/uploads\/2023\/11\/OIM-1024x768.jpg",900,675,true],"post-thumbnail":["https:\/\/anpej.sn\/accueil\/wp-content\/uploads\/2023\/11\/OIM-550x410.jpg",550,410,true],"consilox_medium":["https:\/\/anpej.sn\/accueil\/wp-content\/uploads\/2023\/11\/OIM-550x580.jpg",550,580,true],"woocommerce_thumbnail":["https:\/\/anpej.sn\/accueil\/wp-content\/uploads\/2023\/11\/OIM-300x300.jpg",300,300,true],"woocommerce_single":["https:\/\/anpej.sn\/accueil\/wp-content\/uploads\/2023\/11\/OIM-600x450.jpg",600,450,true],"woocommerce_gallery_thumbnail":["https:\/\/anpej.sn\/accueil\/wp-content\/uploads\/2023\/11\/OIM-180x180.jpg",180,180,true]},"rttpg_author":{"display_name":"admin","author_link":"https:\/\/anpej.sn\/accueil\/author\/admin\/"},"rttpg_comment":0,"rttpg_category":"<a href=\"https:\/\/anpej.sn\/accueil\/category\/actualite\/\" rel=\"category tag\">actualit\u00e9<\/a> <a href=\"https:\/\/anpej.sn\/accueil\/category\/non-classe\/\" rel=\"category tag\">Non class\u00e9<\/a>","rttpg_excerpt":"Accord de coop\u00e9ration entre l\u2019ANPEJ et l\u2019Organisation Internationale pour les migrations. Le S\u00e9n\u00e9gal fait face aux d\u00e9fis de la migration irr\u00e9guli\u00e8re. L\u2019ampleur du ph\u00e9nom\u00e8ne montre la n\u00e9cessit\u00e9 de le combattre [&hellip;]","_links":{"self":[{"href":"https:\/\/anpej.sn\/accueil\/wp-json\/wp\/v2\/posts\/11366","targetHints":{"allow":["GET"]}}],"collection":[{"href":"https:\/\/anpej.sn\/accueil\/wp-json\/wp\/v2\/posts"}],"about":[{"href":"https:\/\/anpej.sn\/accueil\/wp-json\/wp\/v2\/types\/post"}],"author":[{"embeddable":true,"href":"https:\/\/anpej.sn\/accueil\/wp-json\/wp\/v2\/users\/1"}],"replies":[{"embeddable":true,"href":"https:\/\/anpej.sn\/accueil\/wp-json\/wp\/v2\/comments?post=11366"}],"version-history":[{"count":0,"href":"https:\/\/anpej.sn\/accueil\/wp-json\/wp\/v2\/posts\/11366\/revisions"}],"wp:featuredmedia":[{"embeddable":true,"href":"https:\/\/anpej.sn\/accueil\/wp-json\/wp\/v2\/media\/13519"}],"wp:attachment":[{"href":"https:\/\/anpej.sn\/accueil\/wp-json\/wp\/v2\/media?parent=11366"}],"wp:term":[{"taxonomy":"category","embeddable":true,"href":"https:\/\/anpej.sn\/accueil\/wp-json\/wp\/v2\/categories?post=11366"},{"taxonomy":"post_tag","embeddable":true,"href":"https:\/\/anpej.sn\/accueil\/wp-json\/wp\/v2\/tags?post=11366"}],"curies":[{"name":"wp","href":"https:\/\/api.w.org\/{rel}","templated":true}]}}