{"id":11899,"date":"2023-11-03T08:10:41","date_gmt":"2023-11-03T08:10:41","guid":{"rendered":"https:\/\/anpej.sn\/?p=11899"},"modified":"2023-11-03T08:10:41","modified_gmt":"2023-11-03T08:10:41","slug":"inauguration-du-boulangerie-de-kanel","status":"publish","type":"post","link":"https:\/\/anpej.sn\/accueil\/inauguration-du-boulangerie-de-kanel\/","title":{"rendered":"Visite de Staff du Directeur G\u00e9n\u00e9ral \u00e0 Kaolack"},"content":{"rendered":"<p style=\"text-align: justify;\">En pr\u00e9lude de l\u2019inauguration de la Maison de la Jeunesse et de la Citoyennet\u00e9 (MJC) de Kaolack par le Chef de l\u2019Etat, Son Excellence M. Macky SALL, le Directeur g\u00e9n\u00e9ral de l\u2019ANPEJ a pris part au CRD organis\u00e9, \u00e0 cet effet, ce mardi 07 Novembre 2023 \u00e0 Kaolack.<\/p>\n<p style=\"text-align: justify;\">Le CRD a vu la participation du Ministre de la Jeunesse, de l\u2019Entrepreneuriat et de l\u2019Emploi ( MJEE), le Gouverneur de Kaolack, les Pr\u00e9fets de Kaolack et Nioro et les participants vis\u00e9s.<\/p>\n<p style=\"text-align: justify;\">La d\u00e9l\u00e9gation du si\u00e8ge de l\u2019ANPEJ a saisi cette occasion pour effectuer une visite de courtoisie au personnel de l\u2019Antenne R\u00e9gionale.<\/p>\n<p style=\"text-align: left;\">\n","protected":false},"excerpt":{"rendered":"<p>En pr\u00e9lude de l\u2019inauguration de la Maison de la Jeunesse et de la Citoyennet\u00e9 (MJC) de Kaolack par le Chef de l\u2019Etat, Son Excellence M. Macky SALL, le Directeur g\u00e9n\u00e9ral [&hellip;]<\/p>\n","protected":false},"author":1,"featured_media":13523,"comment_status":"open","ping_status":"open","sticky":false,"template":"","format":"standard","meta":{"footnotes":""},"categories":[41,1],"tags":[],"class_list":["post-11899","post","type-post","status-publish","format-standard","has-post-thumbnail","hentry","category-actualite","category-non-classe"],"rttpg_featured_image_url":{"full":["https:\/\/anpej.sn\/accueil\/wp-content\/uploads\/2023\/11\/VISITE-ANTENNE.png",1024,768,false],"landscape":["https:\/\/anpej.sn\/accueil\/wp-content\/uploads\/2023\/11\/VISITE-ANTENNE.png",1024,768,false],"portraits":["https:\/\/anpej.sn\/accueil\/wp-content\/uploads\/2023\/11\/VISITE-ANTENNE.png",1024,768,false],"thumbnail":["https:\/\/anpej.sn\/accueil\/wp-content\/uploads\/2023\/11\/VISITE-ANTENNE-175x175.png",175,175,true],"medium":["https:\/\/anpej.sn\/accueil\/wp-content\/uploads\/2023\/11\/VISITE-ANTENNE-600x540.png",600,540,true],"large":["https:\/\/anpej.sn\/accueil\/wp-content\/uploads\/2023\/11\/VISITE-ANTENNE.png",900,675,false],"post-thumbnail":["https:\/\/anpej.sn\/accueil\/wp-content\/uploads\/2023\/11\/VISITE-ANTENNE-550x410.png",550,410,true],"consilox_medium":["https:\/\/anpej.sn\/accueil\/wp-content\/uploads\/2023\/11\/VISITE-ANTENNE-550x580.png",550,580,true],"woocommerce_thumbnail":["https:\/\/anpej.sn\/accueil\/wp-content\/uploads\/2023\/11\/VISITE-ANTENNE-300x300.png",300,300,true],"woocommerce_single":["https:\/\/anpej.sn\/accueil\/wp-content\/uploads\/2023\/11\/VISITE-ANTENNE-600x450.png",600,450,true],"woocommerce_gallery_thumbnail":["https:\/\/anpej.sn\/accueil\/wp-content\/uploads\/2023\/11\/VISITE-ANTENNE-180x180.png",180,180,true]},"rttpg_author":{"display_name":"admin","author_link":"https:\/\/anpej.sn\/accueil\/author\/admin\/"},"rttpg_comment":19,"rttpg_category":"<a href=\"https:\/\/anpej.sn\/accueil\/category\/actualite\/\" rel=\"category tag\">actualit\u00e9<\/a> <a href=\"https:\/\/anpej.sn\/accueil\/category\/non-classe\/\" rel=\"category tag\">Non class\u00e9<\/a>","rttpg_excerpt":"En pr\u00e9lude de l\u2019inauguration de la Maison de la Jeunesse et de la Citoyennet\u00e9 (MJC) de Kaolack par le Chef de l\u2019Etat, Son Excellence M. Macky SALL, le Directeur g\u00e9n\u00e9ral [&hellip;]","_links":{"self":[{"href":"https:\/\/anpej.sn\/accueil\/wp-json\/wp\/v2\/posts\/11899","targetHints":{"allow":["GET"]}}],"collection":[{"href":"https:\/\/anpej.sn\/accueil\/wp-json\/wp\/v2\/posts"}],"about":[{"href":"https:\/\/anpej.sn\/accueil\/wp-json\/wp\/v2\/types\/post"}],"author":[{"embeddable":true,"href":"https:\/\/anpej.sn\/accueil\/wp-json\/wp\/v2\/users\/1"}],"replies":[{"embeddable":true,"href":"https:\/\/anpej.sn\/accueil\/wp-json\/wp\/v2\/comments?post=11899"}],"version-history":[{"count":0,"href":"https:\/\/anpej.sn\/accueil\/wp-json\/wp\/v2\/posts\/11899\/revisions"}],"wp:featuredmedia":[{"embeddable":true,"href":"https:\/\/anpej.sn\/accueil\/wp-json\/wp\/v2\/media\/13523"}],"wp:attachment":[{"href":"https:\/\/anpej.sn\/accueil\/wp-json\/wp\/v2\/media?parent=11899"}],"wp:term":[{"taxonomy":"category","embeddable":true,"href":"https:\/\/anpej.sn\/accueil\/wp-json\/wp\/v2\/categories?post=11899"},{"taxonomy":"post_tag","embeddable":true,"href":"https:\/\/anpej.sn\/accueil\/wp-json\/wp\/v2\/tags?post=11899"}],"curies":[{"name":"wp","href":"https:\/\/api.w.org\/{rel}","templated":true}]}}