{"id":13144,"date":"2023-07-27T09:28:09","date_gmt":"2023-07-27T09:28:09","guid":{"rendered":"https:\/\/anpej.sn\/?p=13144"},"modified":"2023-07-27T09:28:09","modified_gmt":"2023-07-27T09:28:09","slug":"senegal-sante-couverture-maladie-lanpej-en-partenariat-avec-lanacmu","status":"publish","type":"post","link":"https:\/\/anpej.sn\/accueil\/senegal-sante-couverture-maladie-lanpej-en-partenariat-avec-lanacmu\/","title":{"rendered":"SENEGAL-SANTE \/ Couverture maladie : l\u2019ANPEJ en partenariat avec l\u2019ANACMU"},"content":{"rendered":"<p>[vc_row][vc_column][vc_column_text]Dakar, 26 juil (APS) \u2013\u00a0 L\u2019Agence nationale pour la promotion de l\u2019emploi des jeunes (ANPEJ) a sign\u00e9, mercredi, une convention de partenariat avec l\u2019Agence\u00a0 nationale de la couverture maladie universelle (ANACMU).<\/p>\n<p>La c\u00e9r\u00e9monie de signature s\u2019est d\u00e9roul\u00e9e au si\u00e8ge\u00a0 de l\u2019Agence de la couverture maladie universelle (ANACMU) en pr\u00e9sence des directeurs des deux structures, Mamadou Bocar Daff et Tamsir Faye.<\/p>\n<p>\u00bbNous venons de proc\u00e9der aujourd\u2019hui \u00e0 la signature d\u2019une convention entre l\u2019ANPEJ et l\u2019ANACMU pour prendre en charge les cibles que l\u2019agence nationale pour la promotion de l\u2019emploi des jeunes est en train d\u2019encadrer, notamment les jeunes qui sont des demandeurs d\u2019emploi et des gens qui reviennent de l\u2019\u00e9migration\u00a0\u00bb, a expliqu\u00e9 Docteur Mamadou Bocar Daff, directeur g\u00e9n\u00e9ral de l\u2019Agence de la\u00a0 couverture maladie universelle.<\/p>\n<p>Il a pr\u00e9cis\u00e9 que cette collaboration s\u2019inscrit en droite ligne de la nouvelle politique de promotion de l\u2019adh\u00e9sion syst\u00e9matique \u00e0 la CMU.<\/p>\n<p>Dans cette perspective, \u00a0\u00bbtoutes les dispositions seront prises pour fournir une couverture m\u00e9dicale aux 1600 acteurs \u00e0 enr\u00f4ler dans le cadre de la couverture maladie universelle \u00e0 travers les mutuelles d\u00e9partementales\u00a0\u00bb,\u00a0 a-t-il ajout\u00e9.<\/p>\n<p>Le directeur de l\u2019ANPEJ a pour sa part insist\u00e9 sur l\u2019importance de la sant\u00e9. \u00a0\u00bbLa sant\u00e9 est au d\u00e9but et \u00e0 la fin de tout. Donc, il est absolument important que les citoyens puissent b\u00e9n\u00e9ficier des conditions qui leur permettront de pouvoir se soigner en cas de maladie dans la dignit\u00e9\u00a0\u00bb, a-t-il d\u00e9clar\u00e9.[\/vc_column_text][\/vc_column][\/vc_row]<\/p>\n","protected":false},"excerpt":{"rendered":"<p>[vc_row][vc_column][vc_column_text]Dakar, 26 juil (APS) \u2013\u00a0 L\u2019Agence nationale pour la promotion de l\u2019emploi des jeunes (ANPEJ) a sign\u00e9, mercredi, une convention de partenariat avec l\u2019Agence\u00a0 nationale de la couverture maladie universelle [&hellip;]<\/p>\n","protected":false},"author":1,"featured_media":13850,"comment_status":"open","ping_status":"open","sticky":false,"template":"","format":"standard","meta":{"footnotes":""},"categories":[41,1],"tags":[],"class_list":["post-13144","post","type-post","status-publish","format-standard","has-post-thumbnail","hentry","category-actualite","category-non-classe"],"rttpg_featured_image_url":{"full":["https:\/\/anpej.sn\/accueil\/wp-content\/uploads\/2023\/07\/ANACIM-1.jpg",1080,720,false],"landscape":["https:\/\/anpej.sn\/accueil\/wp-content\/uploads\/2023\/07\/ANACIM-1.jpg",1080,720,false],"portraits":["https:\/\/anpej.sn\/accueil\/wp-content\/uploads\/2023\/07\/ANACIM-1.jpg",1080,720,false],"thumbnail":["https:\/\/anpej.sn\/accueil\/wp-content\/uploads\/2023\/07\/ANACIM-1-175x175.jpg",175,175,true],"medium":["https:\/\/anpej.sn\/accueil\/wp-content\/uploads\/2023\/07\/ANACIM-1-600x540.jpg",600,540,true],"large":["https:\/\/anpej.sn\/accueil\/wp-content\/uploads\/2023\/07\/ANACIM-1-1024x683.jpg",900,600,true],"post-thumbnail":["https:\/\/anpej.sn\/accueil\/wp-content\/uploads\/2023\/07\/ANACIM-1-550x410.jpg",550,410,true],"consilox_medium":["https:\/\/anpej.sn\/accueil\/wp-content\/uploads\/2023\/07\/ANACIM-1-550x580.jpg",550,580,true],"woocommerce_thumbnail":["https:\/\/anpej.sn\/accueil\/wp-content\/uploads\/2023\/07\/ANACIM-1-300x300.jpg",300,300,true],"woocommerce_single":["https:\/\/anpej.sn\/accueil\/wp-content\/uploads\/2023\/07\/ANACIM-1-600x400.jpg",600,400,true],"woocommerce_gallery_thumbnail":["https:\/\/anpej.sn\/accueil\/wp-content\/uploads\/2023\/07\/ANACIM-1-180x180.jpg",180,180,true]},"rttpg_author":{"display_name":"admin","author_link":"https:\/\/anpej.sn\/accueil\/author\/admin\/"},"rttpg_comment":1,"rttpg_category":"<a href=\"https:\/\/anpej.sn\/accueil\/category\/actualite\/\" rel=\"category tag\">actualit\u00e9<\/a> <a href=\"https:\/\/anpej.sn\/accueil\/category\/non-classe\/\" rel=\"category tag\">Non class\u00e9<\/a>","rttpg_excerpt":"[vc_row][vc_column][vc_column_text]Dakar, 26 juil (APS) \u2013\u00a0 L\u2019Agence nationale pour la promotion de l\u2019emploi des jeunes (ANPEJ) a sign\u00e9, mercredi, une convention de partenariat avec l\u2019Agence\u00a0 nationale de la couverture maladie universelle [&hellip;]","_links":{"self":[{"href":"https:\/\/anpej.sn\/accueil\/wp-json\/wp\/v2\/posts\/13144","targetHints":{"allow":["GET"]}}],"collection":[{"href":"https:\/\/anpej.sn\/accueil\/wp-json\/wp\/v2\/posts"}],"about":[{"href":"https:\/\/anpej.sn\/accueil\/wp-json\/wp\/v2\/types\/post"}],"author":[{"embeddable":true,"href":"https:\/\/anpej.sn\/accueil\/wp-json\/wp\/v2\/users\/1"}],"replies":[{"embeddable":true,"href":"https:\/\/anpej.sn\/accueil\/wp-json\/wp\/v2\/comments?post=13144"}],"version-history":[{"count":0,"href":"https:\/\/anpej.sn\/accueil\/wp-json\/wp\/v2\/posts\/13144\/revisions"}],"wp:featuredmedia":[{"embeddable":true,"href":"https:\/\/anpej.sn\/accueil\/wp-json\/wp\/v2\/media\/13850"}],"wp:attachment":[{"href":"https:\/\/anpej.sn\/accueil\/wp-json\/wp\/v2\/media?parent=13144"}],"wp:term":[{"taxonomy":"category","embeddable":true,"href":"https:\/\/anpej.sn\/accueil\/wp-json\/wp\/v2\/categories?post=13144"},{"taxonomy":"post_tag","embeddable":true,"href":"https:\/\/anpej.sn\/accueil\/wp-json\/wp\/v2\/tags?post=13144"}],"curies":[{"name":"wp","href":"https:\/\/api.w.org\/{rel}","templated":true}]}}