{"id":13304,"date":"2023-10-12T11:00:58","date_gmt":"2023-10-12T11:00:58","guid":{"rendered":"https:\/\/anpej.sn\/accueil\/?p=13304"},"modified":"2023-10-12T11:00:58","modified_gmt":"2023-10-12T11:00:58","slug":"bootcamp-pour-la-promotion-des-competences-digitales-et-entrepreneuriales","status":"publish","type":"post","link":"https:\/\/anpej.sn\/accueil\/bootcamp-pour-la-promotion-des-competences-digitales-et-entrepreneuriales\/","title":{"rendered":"Bootcamp pour la promotion des competences digitales et entrepreneuriales."},"content":{"rendered":"\n<p class=\"has-text-align-left\">Cette activit\u00e9 qui constitue la derni\u00e8re \u00e9tape du partenariat entre l&#8217;ANPEJ et l&#8217;UNESCO, sign\u00e9 le 02 ao\u00fbt 2022, s&#8217;est tenue \u00e0 Thies les 10 et 11 octobre. Cet atelier national qui a r\u00e9uni un groupe de 30 jeunes, venus de 11 regions du S\u00e9n\u00e9gal, dans la perspective de cr\u00e9er un r\u00e9seau d&#8217;ambassadeurs, vise \u00e0 renforcer leurs competences numeriques pour r\u00e9pondre aux attentes de la transformation digitale. Les deux themes qui ont \u00e9t\u00e9 choisis a savoir: &#8221; optimiser son employabilit\u00e9 grace au d\u00e9veloppement des comp\u00e9tences num\u00e9riques: strategie et bonnes pratiques&#8221; et &#8221; le marketing digital &#8220;, permettront egalement \u00e0 ces jeunes d&#8217;utiliser les reseaux sociaux pour la promotion de leurs activites generatrices de revenus mais surtout d&#8217;\u00eatre des relais. Ces journ\u00e9es de formation bas\u00e9es sur des presentations, des travaux de groupe et des discussions, ont permis aux participants de comprendre les avantages et les inconvenients du numerique et d&#8217;\u00eatre conscients des enjeux du moment.<\/p>\n","protected":false},"excerpt":{"rendered":"<p>Cette activit\u00e9 qui constitue la derni\u00e8re \u00e9tape du partenariat entre l&#8217;ANPEJ et l&#8217;UNESCO, <\/p>\n","protected":false},"author":1,"featured_media":13836,"comment_status":"open","ping_status":"open","sticky":false,"template":"","format":"standard","meta":{"footnotes":""},"categories":[41,1],"tags":[],"class_list":["post-13304","post","type-post","status-publish","format-standard","has-post-thumbnail","hentry","category-actualite","category-non-classe"],"rttpg_featured_image_url":{"full":["https:\/\/anpej.sn\/accueil\/wp-content\/uploads\/2023\/10\/13.jpg",1920,1080,false],"landscape":["https:\/\/anpej.sn\/accueil\/wp-content\/uploads\/2023\/10\/13.jpg",1920,1080,false],"portraits":["https:\/\/anpej.sn\/accueil\/wp-content\/uploads\/2023\/10\/13.jpg",1920,1080,false],"thumbnail":["https:\/\/anpej.sn\/accueil\/wp-content\/uploads\/2023\/10\/13-175x175.jpg",175,175,true],"medium":["https:\/\/anpej.sn\/accueil\/wp-content\/uploads\/2023\/10\/13-600x540.jpg",600,540,true],"large":["https:\/\/anpej.sn\/accueil\/wp-content\/uploads\/2023\/10\/13-1024x576.jpg",900,506,true],"post-thumbnail":["https:\/\/anpej.sn\/accueil\/wp-content\/uploads\/2023\/10\/13-550x410.jpg",550,410,true],"consilox_medium":["https:\/\/anpej.sn\/accueil\/wp-content\/uploads\/2023\/10\/13-550x580.jpg",550,580,true],"woocommerce_thumbnail":["https:\/\/anpej.sn\/accueil\/wp-content\/uploads\/2023\/10\/13-300x300.jpg",300,300,true],"woocommerce_single":["https:\/\/anpej.sn\/accueil\/wp-content\/uploads\/2023\/10\/13-600x338.jpg",600,338,true],"woocommerce_gallery_thumbnail":["https:\/\/anpej.sn\/accueil\/wp-content\/uploads\/2023\/10\/13-180x180.jpg",180,180,true]},"rttpg_author":{"display_name":"admin","author_link":"https:\/\/anpej.sn\/accueil\/author\/admin\/"},"rttpg_comment":0,"rttpg_category":"<a href=\"https:\/\/anpej.sn\/accueil\/category\/actualite\/\" rel=\"category tag\">actualit\u00e9<\/a> <a href=\"https:\/\/anpej.sn\/accueil\/category\/non-classe\/\" rel=\"category tag\">Non class\u00e9<\/a>","rttpg_excerpt":"Cette activit\u00e9 qui constitue la derni\u00e8re \u00e9tape du partenariat entre l'ANPEJ et l'UNESCO,","_links":{"self":[{"href":"https:\/\/anpej.sn\/accueil\/wp-json\/wp\/v2\/posts\/13304","targetHints":{"allow":["GET"]}}],"collection":[{"href":"https:\/\/anpej.sn\/accueil\/wp-json\/wp\/v2\/posts"}],"about":[{"href":"https:\/\/anpej.sn\/accueil\/wp-json\/wp\/v2\/types\/post"}],"author":[{"embeddable":true,"href":"https:\/\/anpej.sn\/accueil\/wp-json\/wp\/v2\/users\/1"}],"replies":[{"embeddable":true,"href":"https:\/\/anpej.sn\/accueil\/wp-json\/wp\/v2\/comments?post=13304"}],"version-history":[{"count":0,"href":"https:\/\/anpej.sn\/accueil\/wp-json\/wp\/v2\/posts\/13304\/revisions"}],"wp:featuredmedia":[{"embeddable":true,"href":"https:\/\/anpej.sn\/accueil\/wp-json\/wp\/v2\/media\/13836"}],"wp:attachment":[{"href":"https:\/\/anpej.sn\/accueil\/wp-json\/wp\/v2\/media?parent=13304"}],"wp:term":[{"taxonomy":"category","embeddable":true,"href":"https:\/\/anpej.sn\/accueil\/wp-json\/wp\/v2\/categories?post=13304"},{"taxonomy":"post_tag","embeddable":true,"href":"https:\/\/anpej.sn\/accueil\/wp-json\/wp\/v2\/tags?post=13304"}],"curies":[{"name":"wp","href":"https:\/\/api.w.org\/{rel}","templated":true}]}}