{"id":13308,"date":"2023-11-21T11:12:08","date_gmt":"2023-11-21T11:12:08","guid":{"rendered":"https:\/\/anpej.sn\/accueil\/?p=13308"},"modified":"2023-11-21T11:12:08","modified_gmt":"2023-11-21T11:12:08","slug":"atelier-de-formation-en-insertion-et-orientation-professionnelle","status":"publish","type":"post","link":"https:\/\/anpej.sn\/accueil\/atelier-de-formation-en-insertion-et-orientation-professionnelle\/","title":{"rendered":"Formation en insertion et orientation professionnelle"},"content":{"rendered":"\n<p style=\"text-align: justify;\">L&#8217;antenne r\u00e9gionale de l&#8217;ANPEJ de Dakar a organis\u00e9 du 7 au 8 Novembre 2023 au CDAF de Dakar, un atelier de formation en insertion et orientation professionnelle au profit de 50 jeunes orphelins b\u00e9n\u00e9ficiaires du &#8220;Projet de parrainage et protection des enfants des communaut\u00e9s les plus vuln\u00e9rables de Dakar&#8221;. Il a \u00e9t\u00e9 mis en \u0153uvre par le Secours Islamique France. Il s&#8217;agit d&#8217;initier les enfants et jeunes orphelins sur les techniques de recherche d&#8217;emploi et d&#8217;\u00e9laboration de projets personnels et professionnels.<\/p>\n","protected":false},"excerpt":{"rendered":"<p>L&#8217;antenne r\u00e9gionale de l&#8217;Anpej de Dakar a organis\u00e9 du 7 au 8 Novembre 2023 au CDAF de Dakar, un atelier de formation en insertion et [&#8230;]<\/p>\n","protected":false},"author":1,"featured_media":13542,"comment_status":"open","ping_status":"open","sticky":false,"template":"","format":"standard","meta":{"footnotes":""},"categories":[41,1],"tags":[],"class_list":["post-13308","post","type-post","status-publish","format-standard","has-post-thumbnail","hentry","category-actualite","category-non-classe"],"rttpg_featured_image_url":{"full":["https:\/\/anpej.sn\/accueil\/wp-content\/uploads\/2023\/11\/Boot-1.jpg",400,300,false],"landscape":["https:\/\/anpej.sn\/accueil\/wp-content\/uploads\/2023\/11\/Boot-1.jpg",400,300,false],"portraits":["https:\/\/anpej.sn\/accueil\/wp-content\/uploads\/2023\/11\/Boot-1.jpg",400,300,false],"thumbnail":["https:\/\/anpej.sn\/accueil\/wp-content\/uploads\/2023\/11\/Boot-1-175x175.jpg",175,175,true],"medium":["https:\/\/anpej.sn\/accueil\/wp-content\/uploads\/2023\/11\/Boot-1.jpg",400,300,false],"large":["https:\/\/anpej.sn\/accueil\/wp-content\/uploads\/2023\/11\/Boot-1.jpg",400,300,false],"post-thumbnail":["https:\/\/anpej.sn\/accueil\/wp-content\/uploads\/2023\/11\/Boot-1.jpg",400,300,false],"consilox_medium":["https:\/\/anpej.sn\/accueil\/wp-content\/uploads\/2023\/11\/Boot-1.jpg",400,300,false],"woocommerce_thumbnail":["https:\/\/anpej.sn\/accueil\/wp-content\/uploads\/2023\/11\/Boot-1-300x300.jpg",300,300,true],"woocommerce_single":["https:\/\/anpej.sn\/accueil\/wp-content\/uploads\/2023\/11\/Boot-1.jpg",400,300,false],"woocommerce_gallery_thumbnail":["https:\/\/anpej.sn\/accueil\/wp-content\/uploads\/2023\/11\/Boot-1-180x180.jpg",180,180,true]},"rttpg_author":{"display_name":"admin","author_link":"https:\/\/anpej.sn\/accueil\/author\/admin\/"},"rttpg_comment":0,"rttpg_category":"<a href=\"https:\/\/anpej.sn\/accueil\/category\/actualite\/\" rel=\"category tag\">actualit\u00e9<\/a> <a href=\"https:\/\/anpej.sn\/accueil\/category\/non-classe\/\" rel=\"category tag\">Non class\u00e9<\/a>","rttpg_excerpt":"L'antenne r\u00e9gionale de l'Anpej de Dakar a organis\u00e9 du 7 au 8 Novembre 2023 au CDAF de Dakar, un atelier de formation en insertion et [...]","_links":{"self":[{"href":"https:\/\/anpej.sn\/accueil\/wp-json\/wp\/v2\/posts\/13308","targetHints":{"allow":["GET"]}}],"collection":[{"href":"https:\/\/anpej.sn\/accueil\/wp-json\/wp\/v2\/posts"}],"about":[{"href":"https:\/\/anpej.sn\/accueil\/wp-json\/wp\/v2\/types\/post"}],"author":[{"embeddable":true,"href":"https:\/\/anpej.sn\/accueil\/wp-json\/wp\/v2\/users\/1"}],"replies":[{"embeddable":true,"href":"https:\/\/anpej.sn\/accueil\/wp-json\/wp\/v2\/comments?post=13308"}],"version-history":[{"count":0,"href":"https:\/\/anpej.sn\/accueil\/wp-json\/wp\/v2\/posts\/13308\/revisions"}],"wp:featuredmedia":[{"embeddable":true,"href":"https:\/\/anpej.sn\/accueil\/wp-json\/wp\/v2\/media\/13542"}],"wp:attachment":[{"href":"https:\/\/anpej.sn\/accueil\/wp-json\/wp\/v2\/media?parent=13308"}],"wp:term":[{"taxonomy":"category","embeddable":true,"href":"https:\/\/anpej.sn\/accueil\/wp-json\/wp\/v2\/categories?post=13308"},{"taxonomy":"post_tag","embeddable":true,"href":"https:\/\/anpej.sn\/accueil\/wp-json\/wp\/v2\/tags?post=13308"}],"curies":[{"name":"wp","href":"https:\/\/api.w.org\/{rel}","templated":true}]}}