{"id":13845,"date":"2024-01-03T16:59:19","date_gmt":"2024-01-03T16:59:19","guid":{"rendered":"https:\/\/anpej.sn\/accueil\/?p=13845"},"modified":"2024-01-03T16:59:19","modified_gmt":"2024-01-03T16:59:19","slug":"cloture-de-la-session-de-formation-en-diagnostique-des-besoins-de-prise-dans-le-domaine-de-sante-mentale-et-du-soutien-psychosocial","status":"publish","type":"post","link":"https:\/\/anpej.sn\/accueil\/cloture-de-la-session-de-formation-en-diagnostique-des-besoins-de-prise-dans-le-domaine-de-sante-mentale-et-du-soutien-psychosocial\/","title":{"rendered":"Formation en Diagnostique des besoins de Prise dans le domaine de sant\u00e9 mentale et du soutien psychosocial"},"content":{"rendered":"<p>Dans le cadre de la mise en \u0153uvre du plan de renforcement de capacit\u00e9s du personnel, l\u2019ANPEJ et le Centre pour la migration et le d\u00e9veloppement ZME de la GIZ 9 d\u00e9cembre 2023 \u00e0 la cl\u00f4ture de la session de formation en diagnostic des besoins de prise en charge dans le domaine de la sant\u00e9 mentale et du soutien psychosocial des migrants de retour et des groupes vuln\u00e9rables.<\/p>\n<p>Cette session de 12 jours, assur\u00e9e par les experts de VIVO INTERNATIONAL s\u2019est d\u00e9roul\u00e9e du 27 novembre au 9 d\u00e9cembre a vu la participation de 25 b\u00e9n\u00e9ficiaires issus des antennes r\u00e9gionales de l\u2019ANPEJ, des PEEJF et du si\u00e8ge.<\/p>\n<p>Ainsi, les th\u00e9matiques comme le diagnostic des \u00e9v\u00e8nements traumatiques, du trouble de stress post-traumatique, les techniques d\u2019entretien, la th\u00e9orie de l\u2019exposition narrative (NET), etc\u2026 ont \u00e9t\u00e9 abord\u00e9s afin de permettre aux apprenants de disposer de connaissances et d\u2019outils leur permettant de mieux accompagner les cibles.<\/p>\n","protected":false},"excerpt":{"rendered":"<p>Dans le cadre de la mise en \u0153uvre du plan de renforcement de capacit\u00e9s du personnel, l\u2019ANPEJ et le Centre pour la migration et le d\u00e9veloppement ZME de la GIZ [&hellip;]<\/p>\n","protected":false},"author":1,"featured_media":13846,"comment_status":"open","ping_status":"open","sticky":false,"template":"","format":"standard","meta":{"footnotes":""},"categories":[41,19],"tags":[],"class_list":["post-13845","post","type-post","status-publish","format-standard","has-post-thumbnail","hentry","category-actualite","category-uncategorized"],"rttpg_featured_image_url":{"full":["https:\/\/anpej.sn\/accueil\/wp-content\/uploads\/2024\/01\/409629411_675873768069318_8073656026815412864_n.jpg",2048,1321,false],"landscape":["https:\/\/anpej.sn\/accueil\/wp-content\/uploads\/2024\/01\/409629411_675873768069318_8073656026815412864_n.jpg",2048,1321,false],"portraits":["https:\/\/anpej.sn\/accueil\/wp-content\/uploads\/2024\/01\/409629411_675873768069318_8073656026815412864_n.jpg",2048,1321,false],"thumbnail":["https:\/\/anpej.sn\/accueil\/wp-content\/uploads\/2024\/01\/409629411_675873768069318_8073656026815412864_n-175x175.jpg",175,175,true],"medium":["https:\/\/anpej.sn\/accueil\/wp-content\/uploads\/2024\/01\/409629411_675873768069318_8073656026815412864_n-600x540.jpg",600,540,true],"large":["https:\/\/anpej.sn\/accueil\/wp-content\/uploads\/2024\/01\/409629411_675873768069318_8073656026815412864_n-1024x661.jpg",900,581,true],"post-thumbnail":["https:\/\/anpej.sn\/accueil\/wp-content\/uploads\/2024\/01\/409629411_675873768069318_8073656026815412864_n-550x410.jpg",550,410,true],"consilox_medium":["https:\/\/anpej.sn\/accueil\/wp-content\/uploads\/2024\/01\/409629411_675873768069318_8073656026815412864_n-550x580.jpg",550,580,true],"woocommerce_thumbnail":["https:\/\/anpej.sn\/accueil\/wp-content\/uploads\/2024\/01\/409629411_675873768069318_8073656026815412864_n-300x300.jpg",300,300,true],"woocommerce_single":["https:\/\/anpej.sn\/accueil\/wp-content\/uploads\/2024\/01\/409629411_675873768069318_8073656026815412864_n-600x387.jpg",600,387,true],"woocommerce_gallery_thumbnail":["https:\/\/anpej.sn\/accueil\/wp-content\/uploads\/2024\/01\/409629411_675873768069318_8073656026815412864_n-180x180.jpg",180,180,true]},"rttpg_author":{"display_name":"admin","author_link":"https:\/\/anpej.sn\/accueil\/author\/admin\/"},"rttpg_comment":0,"rttpg_category":"<a href=\"https:\/\/anpej.sn\/accueil\/category\/actualite\/\" rel=\"category tag\">actualit\u00e9<\/a> <a href=\"https:\/\/anpej.sn\/accueil\/category\/uncategorized\/\" rel=\"category tag\">Uncategorized<\/a>","rttpg_excerpt":"Dans le cadre de la mise en \u0153uvre du plan de renforcement de capacit\u00e9s du personnel, l\u2019ANPEJ et le Centre pour la migration et le d\u00e9veloppement ZME de la GIZ [&hellip;]","_links":{"self":[{"href":"https:\/\/anpej.sn\/accueil\/wp-json\/wp\/v2\/posts\/13845","targetHints":{"allow":["GET"]}}],"collection":[{"href":"https:\/\/anpej.sn\/accueil\/wp-json\/wp\/v2\/posts"}],"about":[{"href":"https:\/\/anpej.sn\/accueil\/wp-json\/wp\/v2\/types\/post"}],"author":[{"embeddable":true,"href":"https:\/\/anpej.sn\/accueil\/wp-json\/wp\/v2\/users\/1"}],"replies":[{"embeddable":true,"href":"https:\/\/anpej.sn\/accueil\/wp-json\/wp\/v2\/comments?post=13845"}],"version-history":[{"count":0,"href":"https:\/\/anpej.sn\/accueil\/wp-json\/wp\/v2\/posts\/13845\/revisions"}],"wp:featuredmedia":[{"embeddable":true,"href":"https:\/\/anpej.sn\/accueil\/wp-json\/wp\/v2\/media\/13846"}],"wp:attachment":[{"href":"https:\/\/anpej.sn\/accueil\/wp-json\/wp\/v2\/media?parent=13845"}],"wp:term":[{"taxonomy":"category","embeddable":true,"href":"https:\/\/anpej.sn\/accueil\/wp-json\/wp\/v2\/categories?post=13845"},{"taxonomy":"post_tag","embeddable":true,"href":"https:\/\/anpej.sn\/accueil\/wp-json\/wp\/v2\/tags?post=13845"}],"curies":[{"name":"wp","href":"https:\/\/api.w.org\/{rel}","templated":true}]}}