{"id":13860,"date":"2021-04-14T11:50:47","date_gmt":"2021-04-14T11:50:47","guid":{"rendered":"https:\/\/anpej.sn\/accueil\/?p=13860"},"modified":"2021-04-14T11:50:47","modified_gmt":"2021-04-14T11:50:47","slug":"mise-en-oeuvre-du-programme-xeyu-ndaw-ni","status":"publish","type":"post","link":"https:\/\/anpej.sn\/accueil\/mise-en-oeuvre-du-programme-xeyu-ndaw-ni\/","title":{"rendered":"MISE EN \u0152UVRE DU PROGRAMME \u00ab X\u00cbYU NDAW \u00d1I \u00bb"},"content":{"rendered":"<div class=\"kvgmc6g5 cxmmr5t8 oygrvhab hcukyx3x c1et5uql ii04i59q\">\n<div dir=\"auto\">En compagnie de ces coll\u00e8gues en charge de l\u2019Emploi, Monsieur Dame DIOP, et de l\u2019Economie Num\u00e9rique, Monsieur Yankoba DIATTARA, Madame N\u00e9n\u00e9 Fatoumata Tall, Ministre de la Jeunesse a effectu\u00e9 une visite au niveau des \u00ab Espaces S\u00e9n\u00e9gal Services \u00bb devant abriter les plateformes \u00ab P\u00f4les-Emploi \u00bb des d\u00e9partements de Fatick, Kaolack et Kaffrine.<\/div>\n<\/div>\n<div class=\"o9v6fnle cxmmr5t8 oygrvhab hcukyx3x c1et5uql ii04i59q\">\n<div dir=\"auto\">Ces p\u00f4les vont permettre d\u2019avoir un guichet unique de services afin de r\u00e9pondre de mani\u00e8re plus efficace aux besoins des jeunes.<\/div>\n<\/div>\n<div class=\"o9v6fnle cxmmr5t8 oygrvhab hcukyx3x c1et5uql ii04i59q\">\n<div dir=\"auto\">Cheville ouvri\u00e8re du Minist\u00e8re de la Jeunesse en mati\u00e8re de promotion de l\u2019emploi, <a class=\"oajrlxb2 g5ia77u1 qu0x051f esr5mh6w e9989ue4 r7d6kgcz rq0escxv nhd2j8a9 nc684nl6 p7hjln8o kvgmc6g5 cxmmr5t8 oygrvhab hcukyx3x jb3vyjys rz4wbd8a qt6c0cv9 a8nywdso i1ao9s8h esuyzwwr f1sip0of lzcic4wl q66pz984 gpro0wi8 b1v8xokw\" tabindex=\"0\" role=\"link\" href=\"https:\/\/www.facebook.com\/hashtag\/l?__eep__=6&amp;__cft__[0]=AZW-5QL66LxZ8a_6Py96wap5nU7Px46YSJa6onbQp7jELAvs8GorpIEt0JygRpnAiIIFCFuSffxjshgA-Z0ezJAu8JpiuXvqMtZjQEhk5gluj5Qs3IRqWyDMr8v8i9fBVdTuaWbYpNSBt8VWDJBsid4srI06hycoYCQRdNQWiavxP0d7ygnL3ex_tx0iqh2wbt2Gva_lJiQTwq3szjnu-_AbNhXh4ugVaiF3L7fZgHpkfQ&amp;__tn__=*NK-y-R\">#l<\/a>\u2019ANPEJ sera au d\u00e9but et \u00e0 la fin du processus d\u2019orientation, d\u2019encadrement, d\u2019insertion, et d\u2019\u00e9tudes de projets pour financement. Le <a class=\"oajrlxb2 g5ia77u1 qu0x051f esr5mh6w e9989ue4 r7d6kgcz rq0escxv nhd2j8a9 nc684nl6 p7hjln8o kvgmc6g5 cxmmr5t8 oygrvhab hcukyx3x jb3vyjys rz4wbd8a qt6c0cv9 a8nywdso i1ao9s8h esuyzwwr f1sip0of lzcic4wl q66pz984 gpro0wi8 b1v8xokw\" tabindex=\"0\" role=\"link\" href=\"https:\/\/www.facebook.com\/hashtag\/3fpt?__eep__=6&amp;__cft__[0]=AZW-5QL66LxZ8a_6Py96wap5nU7Px46YSJa6onbQp7jELAvs8GorpIEt0JygRpnAiIIFCFuSffxjshgA-Z0ezJAu8JpiuXvqMtZjQEhk5gluj5Qs3IRqWyDMr8v8i9fBVdTuaWbYpNSBt8VWDJBsid4srI06hycoYCQRdNQWiavxP0d7ygnL3ex_tx0iqh2wbt2Gva_lJiQTwq3szjnu-_AbNhXh4ugVaiF3L7fZgHpkfQ&amp;__tn__=*NK-y-R\">#3FPT<\/a> et la <a class=\"oajrlxb2 g5ia77u1 qu0x051f esr5mh6w e9989ue4 r7d6kgcz rq0escxv nhd2j8a9 nc684nl6 p7hjln8o kvgmc6g5 cxmmr5t8 oygrvhab hcukyx3x jb3vyjys rz4wbd8a qt6c0cv9 a8nywdso i1ao9s8h esuyzwwr f1sip0of lzcic4wl q66pz984 gpro0wi8 b1v8xokw\" tabindex=\"0\" role=\"link\" href=\"https:\/\/www.facebook.com\/hashtag\/der?__eep__=6&amp;__cft__[0]=AZW-5QL66LxZ8a_6Py96wap5nU7Px46YSJa6onbQp7jELAvs8GorpIEt0JygRpnAiIIFCFuSffxjshgA-Z0ezJAu8JpiuXvqMtZjQEhk5gluj5Qs3IRqWyDMr8v8i9fBVdTuaWbYpNSBt8VWDJBsid4srI06hycoYCQRdNQWiavxP0d7ygnL3ex_tx0iqh2wbt2Gva_lJiQTwq3szjnu-_AbNhXh4ugVaiF3L7fZgHpkfQ&amp;__tn__=*NK-y-R\">#DER<\/a> joueront aussi leur partition en terme de formation et de financement de projets.<\/div>\n<\/div>\n<div class=\"o9v6fnle cxmmr5t8 oygrvhab hcukyx3x c1et5uql ii04i59q\">\n<div dir=\"auto\">MOGUI BAAR NAK<\/div>\n<\/div>\n","protected":false},"excerpt":{"rendered":"<p>En compagnie de ces coll\u00e8gues en charge de l\u2019Emploi, Monsieur Dame DIOP, et de l\u2019Economie Num\u00e9rique, Monsieur Yankoba DIATTARA, Madame N\u00e9n\u00e9 Fatoumata Tall, Ministre de la Jeunesse a effectu\u00e9 une [&hellip;]<\/p>\n","protected":false},"author":1,"featured_media":13861,"comment_status":"open","ping_status":"open","sticky":false,"template":"","format":"standard","meta":{"footnotes":""},"categories":[41,19],"tags":[],"class_list":["post-13860","post","type-post","status-publish","format-standard","has-post-thumbnail","hentry","category-actualite","category-uncategorized"],"rttpg_featured_image_url":{"full":["https:\/\/anpej.sn\/accueil\/wp-content\/uploads\/2024\/01\/241760493_3136423403244081_7468988032440736312_n.jpg",1944,1296,false],"landscape":["https:\/\/anpej.sn\/accueil\/wp-content\/uploads\/2024\/01\/241760493_3136423403244081_7468988032440736312_n.jpg",1944,1296,false],"portraits":["https:\/\/anpej.sn\/accueil\/wp-content\/uploads\/2024\/01\/241760493_3136423403244081_7468988032440736312_n.jpg",1944,1296,false],"thumbnail":["https:\/\/anpej.sn\/accueil\/wp-content\/uploads\/2024\/01\/241760493_3136423403244081_7468988032440736312_n-175x175.jpg",175,175,true],"medium":["https:\/\/anpej.sn\/accueil\/wp-content\/uploads\/2024\/01\/241760493_3136423403244081_7468988032440736312_n-600x540.jpg",600,540,true],"large":["https:\/\/anpej.sn\/accueil\/wp-content\/uploads\/2024\/01\/241760493_3136423403244081_7468988032440736312_n-1024x683.jpg",900,600,true],"post-thumbnail":["https:\/\/anpej.sn\/accueil\/wp-content\/uploads\/2024\/01\/241760493_3136423403244081_7468988032440736312_n-550x410.jpg",550,410,true],"consilox_medium":["https:\/\/anpej.sn\/accueil\/wp-content\/uploads\/2024\/01\/241760493_3136423403244081_7468988032440736312_n-550x580.jpg",550,580,true],"woocommerce_thumbnail":["https:\/\/anpej.sn\/accueil\/wp-content\/uploads\/2024\/01\/241760493_3136423403244081_7468988032440736312_n-300x300.jpg",300,300,true],"woocommerce_single":["https:\/\/anpej.sn\/accueil\/wp-content\/uploads\/2024\/01\/241760493_3136423403244081_7468988032440736312_n-600x400.jpg",600,400,true],"woocommerce_gallery_thumbnail":["https:\/\/anpej.sn\/accueil\/wp-content\/uploads\/2024\/01\/241760493_3136423403244081_7468988032440736312_n-180x180.jpg",180,180,true]},"rttpg_author":{"display_name":"admin","author_link":"https:\/\/anpej.sn\/accueil\/author\/admin\/"},"rttpg_comment":0,"rttpg_category":"<a href=\"https:\/\/anpej.sn\/accueil\/category\/actualite\/\" rel=\"category tag\">actualit\u00e9<\/a> <a href=\"https:\/\/anpej.sn\/accueil\/category\/uncategorized\/\" rel=\"category tag\">Uncategorized<\/a>","rttpg_excerpt":"En compagnie de ces coll\u00e8gues en charge de l\u2019Emploi, Monsieur Dame DIOP, et de l\u2019Economie Num\u00e9rique, Monsieur Yankoba DIATTARA, Madame N\u00e9n\u00e9 Fatoumata Tall, Ministre de la Jeunesse a effectu\u00e9 une [&hellip;]","_links":{"self":[{"href":"https:\/\/anpej.sn\/accueil\/wp-json\/wp\/v2\/posts\/13860","targetHints":{"allow":["GET"]}}],"collection":[{"href":"https:\/\/anpej.sn\/accueil\/wp-json\/wp\/v2\/posts"}],"about":[{"href":"https:\/\/anpej.sn\/accueil\/wp-json\/wp\/v2\/types\/post"}],"author":[{"embeddable":true,"href":"https:\/\/anpej.sn\/accueil\/wp-json\/wp\/v2\/users\/1"}],"replies":[{"embeddable":true,"href":"https:\/\/anpej.sn\/accueil\/wp-json\/wp\/v2\/comments?post=13860"}],"version-history":[{"count":0,"href":"https:\/\/anpej.sn\/accueil\/wp-json\/wp\/v2\/posts\/13860\/revisions"}],"wp:featuredmedia":[{"embeddable":true,"href":"https:\/\/anpej.sn\/accueil\/wp-json\/wp\/v2\/media\/13861"}],"wp:attachment":[{"href":"https:\/\/anpej.sn\/accueil\/wp-json\/wp\/v2\/media?parent=13860"}],"wp:term":[{"taxonomy":"category","embeddable":true,"href":"https:\/\/anpej.sn\/accueil\/wp-json\/wp\/v2\/categories?post=13860"},{"taxonomy":"post_tag","embeddable":true,"href":"https:\/\/anpej.sn\/accueil\/wp-json\/wp\/v2\/tags?post=13860"}],"curies":[{"name":"wp","href":"https:\/\/api.w.org\/{rel}","templated":true}]}}