{"id":14119,"date":"2024-02-20T12:16:38","date_gmt":"2024-02-20T12:16:38","guid":{"rendered":"https:\/\/anpej.sn\/accueil\/?p=14119"},"modified":"2024-02-20T12:16:38","modified_gmt":"2024-02-20T12:16:38","slug":"renforcement-de-capacites-des-jeunes-en-conduite-automobile","status":"publish","type":"post","link":"https:\/\/anpej.sn\/accueil\/renforcement-de-capacites-des-jeunes-en-conduite-automobile\/","title":{"rendered":"Renforcement de capacit\u00e9s des jeunes en conduite automobile"},"content":{"rendered":"<p>D\u00e9marrage du Programme Code de la route et conduite automobile pour la r\u00e9gion de Dakar au profit de 73 jeunes. Ledit programme vise \u00e0 contribuer \u00e0 l&#8217;am\u00e9lioration de l&#8217;offre de transport et \u00e0 la s\u00e9curit\u00e9 routi\u00e8re \u00e0 travers le renforcement de capacit\u00e9s des jeunes en conduite automobile et en \u00e9ducation civique pour leur insertion dans le secteur du transport. Les apprentissages qui d\u00e9butent aujourd&#8217;hui vont se poursuivre jusqu&#8217;au 12 Mars 2024.<\/p>\n","protected":false},"excerpt":{"rendered":"<p>D\u00e9marrage du Programme Code de la route et conduite automobile pour la r\u00e9gion de Dakar au profit de 73 jeunes. Ledit programme vise \u00e0 contribuer \u00e0 l&#8217;am\u00e9lioration de l&#8217;offre de transport et \u00e0 la s\u00e9curit\u00e9 routi\u00e8re&#8230;<\/p>\n","protected":false},"author":2,"featured_media":14120,"comment_status":"open","ping_status":"open","sticky":false,"template":"","format":"standard","meta":{"footnotes":""},"categories":[19],"tags":[],"class_list":["post-14119","post","type-post","status-publish","format-standard","has-post-thumbnail","hentry","category-uncategorized"],"rttpg_featured_image_url":{"full":["https:\/\/anpej.sn\/accueil\/wp-content\/uploads\/2024\/04\/428611445_716825570640804_957343047543613793_n.jpg",886,563,false],"landscape":["https:\/\/anpej.sn\/accueil\/wp-content\/uploads\/2024\/04\/428611445_716825570640804_957343047543613793_n.jpg",886,563,false],"portraits":["https:\/\/anpej.sn\/accueil\/wp-content\/uploads\/2024\/04\/428611445_716825570640804_957343047543613793_n.jpg",886,563,false],"thumbnail":["https:\/\/anpej.sn\/accueil\/wp-content\/uploads\/2024\/04\/428611445_716825570640804_957343047543613793_n-175x175.jpg",175,175,true],"medium":["https:\/\/anpej.sn\/accueil\/wp-content\/uploads\/2024\/04\/428611445_716825570640804_957343047543613793_n-600x540.jpg",600,540,true],"large":["https:\/\/anpej.sn\/accueil\/wp-content\/uploads\/2024\/04\/428611445_716825570640804_957343047543613793_n.jpg",886,563,false],"post-thumbnail":["https:\/\/anpej.sn\/accueil\/wp-content\/uploads\/2024\/04\/428611445_716825570640804_957343047543613793_n-550x410.jpg",550,410,true],"consilox_medium":["https:\/\/anpej.sn\/accueil\/wp-content\/uploads\/2024\/04\/428611445_716825570640804_957343047543613793_n-550x563.jpg",550,563,true],"woocommerce_thumbnail":["https:\/\/anpej.sn\/accueil\/wp-content\/uploads\/2024\/04\/428611445_716825570640804_957343047543613793_n-300x300.jpg",300,300,true],"woocommerce_single":["https:\/\/anpej.sn\/accueil\/wp-content\/uploads\/2024\/04\/428611445_716825570640804_957343047543613793_n-600x381.jpg",600,381,true],"woocommerce_gallery_thumbnail":["https:\/\/anpej.sn\/accueil\/wp-content\/uploads\/2024\/04\/428611445_716825570640804_957343047543613793_n-180x180.jpg",180,180,true]},"rttpg_author":{"display_name":"Seynabou DIOUF","author_link":"https:\/\/anpej.sn\/accueil\/author\/seynabou\/"},"rttpg_comment":0,"rttpg_category":"<a href=\"https:\/\/anpej.sn\/accueil\/category\/uncategorized\/\" rel=\"category tag\">Uncategorized<\/a>","rttpg_excerpt":"D\u00e9marrage du Programme Code de la route et conduite automobile pour la r\u00e9gion de Dakar au profit de 73 jeunes. Ledit programme vise \u00e0 contribuer \u00e0 l'am\u00e9lioration de l'offre de transport et \u00e0 la s\u00e9curit\u00e9 routi\u00e8re...","_links":{"self":[{"href":"https:\/\/anpej.sn\/accueil\/wp-json\/wp\/v2\/posts\/14119","targetHints":{"allow":["GET"]}}],"collection":[{"href":"https:\/\/anpej.sn\/accueil\/wp-json\/wp\/v2\/posts"}],"about":[{"href":"https:\/\/anpej.sn\/accueil\/wp-json\/wp\/v2\/types\/post"}],"author":[{"embeddable":true,"href":"https:\/\/anpej.sn\/accueil\/wp-json\/wp\/v2\/users\/2"}],"replies":[{"embeddable":true,"href":"https:\/\/anpej.sn\/accueil\/wp-json\/wp\/v2\/comments?post=14119"}],"version-history":[{"count":0,"href":"https:\/\/anpej.sn\/accueil\/wp-json\/wp\/v2\/posts\/14119\/revisions"}],"wp:featuredmedia":[{"embeddable":true,"href":"https:\/\/anpej.sn\/accueil\/wp-json\/wp\/v2\/media\/14120"}],"wp:attachment":[{"href":"https:\/\/anpej.sn\/accueil\/wp-json\/wp\/v2\/media?parent=14119"}],"wp:term":[{"taxonomy":"category","embeddable":true,"href":"https:\/\/anpej.sn\/accueil\/wp-json\/wp\/v2\/categories?post=14119"},{"taxonomy":"post_tag","embeddable":true,"href":"https:\/\/anpej.sn\/accueil\/wp-json\/wp\/v2\/tags?post=14119"}],"curies":[{"name":"wp","href":"https:\/\/api.w.org\/{rel}","templated":true}]}}