{"id":1413,"date":"2021-05-04T09:32:08","date_gmt":"2021-05-04T09:32:08","guid":{"rendered":"https:\/\/anpej.sn\/?p=1413"},"modified":"2021-05-04T09:32:08","modified_gmt":"2021-05-04T09:32:08","slug":"wibinaire-sur-le-guichet-unique","status":"publish","type":"post","link":"https:\/\/anpej.sn\/accueil\/wibinaire-sur-le-guichet-unique\/","title":{"rendered":"La visite du ministre de la jeunesse, de la promotion de l\u2019entrepreneuriat et de l\u2019emploi du Burkina Faso."},"content":{"rendered":"\n<div dir=\"auto\">\n<div dir=\"auto\">\n<div dir=\"auto\">\n<p>L\u2019Agence Nationale pour la promotion de l\u2019emploi des jeunes ANPEJ a re\u00e7u la visite du ministre de la jeunesse, de la promotion de l\u2019entrepreneuriat et de l\u2019emploi du Burkina Faso. Monsieur Salifo TIEMTOR\u00c9 accompagn\u00e9 d\u2019une forte d\u00e9l\u00e9gation a \u00e9t\u00e9 accueilli par le Directeur G\u00e9n\u00e9ral, Monsieur Tamsir Faye et ses collaborateurs.<\/p>\n<p>Au cours des \u00e9changes, M. TIEMTOR\u00c9 a insist\u00e9 sur la n\u00e9cessit\u00e9 de mutualiser les moyens et les ressources de nos pays pour r\u00e9pondre \u00e0 la lancinante question de l\u2019emploi des jeunes qui est une probl\u00e9matique commune \u00e0 l\u2019ensemble des pays de la sous-r\u00e9gion.<\/p>\n<p>Dans son mot de bienvenue, le Directeur G\u00e9n\u00e9ral de l\u2019ANPEJ, Monsieur Tamsir Faye, a adress\u00e9 au Ministre et \u00e0 sa d\u00e9l\u00e9gation, les remerciements de son homologue s\u00e9n\u00e9galais, Madame N\u00e9n\u00e9 Fatoumata Tall, ministre de la jeunesse, et marqu\u00e9 toute sa satisfaction \u00e0 partager avec un pays fr\u00e8re les bonnes pratiques et les exp\u00e9riences en cours dans le domaine de la promotion de l\u2019emploi des jeunes au S\u00e9n\u00e9gal.<\/p>\n<p>La strat\u00e9gie d\u2019intervention de l\u2019Agence a \u00e9t\u00e9 pr\u00e9sent\u00e9e \u00e0 la d\u00e9l\u00e9gation, le focus a \u00e9t\u00e9 mis sur la pr\u00e9sentation du Syst\u00e8me d\u2019information sur le march\u00e9 de l\u2019emploi (SIME) qui a \u00e9t\u00e9 lanc\u00e9 r\u00e9cemment et qui va permettre \u00e0 l\u2019ANPEJ de se positionner comme la porte d\u2019entr\u00e9e du dispositif de promotion de l\u2019emploi et de l\u2019entreprenariat au S\u00e9n\u00e9gal.<\/p>\n<p>Position confirm\u00e9e par le Pr\u00e9sident de la R\u00e9publique dans le cadre du Programme d\u2019urgence pour l\u2019emploi et l\u2019entreprenariat \u00e0 travers l\u2019ouverture des p\u00f4les emploi entreprenariat des jeunes et des femmes.<\/p>\n<p>La d\u00e9l\u00e9gation a termin\u00e9 sa visite au niveau du centre s\u00e9n\u00e9galo -allemand pour l\u2019emploi, la migration et la r\u00e9int\u00e9gration CSAEM qui est un dispositif d\u2019appui \u00e0 la migration r\u00e9guli\u00e8re et aux migrants de retour.<\/p>\n<p>C\u2019est sur une note de satisfaction, que le ministre burkinab\u00e9 et sa d\u00e9l\u00e9gation ont termin\u00e9 la visite. Le Directeur G\u00e9n\u00e9ral et son \u00e9quipe, ont \u00e9t\u00e9 f\u00e9licit\u00e9s pour le travail important que l\u2019ANPEJ est en train d\u2019abattre dans le cadre de la promotion de l\u2019emploi des jeunes. Visiblement tr\u00e8s s\u00e9duit, le ministre a instruit ses services d\u2019aller vers la mise en place d\u2019une plateforme similaire au syst\u00e8me d\u2019information sur le march\u00e9 de l\u2019emploi en s\u2019inspirant du mod\u00e8le s\u00e9n\u00e9galais d\u00e9velopp\u00e9 par l\u2019ANPEJ.<\/p>\n<p>Il a de fa\u00e7on g\u00e9n\u00e9rale propos\u00e9 la mise en place d\u2019un cadre d\u2019\u00e9change permanent sur toutes les questions relatives \u00e0 l\u2019emploi, la formation et l\u2019entreprenariat.<\/p>\n<p>Venu accompagner la d\u00e9l\u00e9gation, le conseiller technique du ministre de l\u2019emploi, de la formation professionnelle et de l\u2019apprentissage, Monsieur Souley Kane, a lui aussi magnifi\u00e9 le dispositif mis en place par l\u2019ANPEJ en ces termes \u00ab le pr\u00e9sident \u00e0 raison de faire de l\u2019ANPEJ la porte d\u2019entr\u00e9e du dispositif de promotion de l\u2019emploi des jeunes au S\u00e9n\u00e9gal et qu\u2019il faut renforcer l\u2019agence en terme de ressources humaines et financi\u00e8res \u00bb.<\/p>\n<p>&nbsp;<\/p>\n<\/div>\n<\/div>\n<\/div>\n\n\n","protected":false},"excerpt":{"rendered":"<p>L\u2019Agence Nationale pour la promotion de l\u2019emploi des jeunes ANPEJ a re\u00e7u la visite du ministre de la jeunesse, de la promotion de l\u2019entrepreneuriat et de l\u2019emploi du Burkina Faso. Monsieur Salifo TIEMTOR\u00c9 accompagn\u00e9 d\u2019une forte d\u00e9l\u00e9gation a \u00e9t\u00e9 accueilli par le Directeur G\u00e9n\u00e9ral, Monsieur Tamsir Faye et ses collaborateurs.<\/p>\n","protected":false},"author":1,"featured_media":13915,"comment_status":"open","ping_status":"open","sticky":false,"template":"","format":"standard","meta":{"footnotes":""},"categories":[41,1],"tags":[],"class_list":["post-1413","post","type-post","status-publish","format-standard","has-post-thumbnail","hentry","category-actualite","category-non-classe"],"rttpg_featured_image_url":{"full":["https:\/\/anpej.sn\/accueil\/wp-content\/uploads\/2021\/05\/192271302_3053064234913332_55627134882995404_n.jpg",960,640,false],"landscape":["https:\/\/anpej.sn\/accueil\/wp-content\/uploads\/2021\/05\/192271302_3053064234913332_55627134882995404_n.jpg",960,640,false],"portraits":["https:\/\/anpej.sn\/accueil\/wp-content\/uploads\/2021\/05\/192271302_3053064234913332_55627134882995404_n.jpg",960,640,false],"thumbnail":["https:\/\/anpej.sn\/accueil\/wp-content\/uploads\/2021\/05\/192271302_3053064234913332_55627134882995404_n-175x175.jpg",175,175,true],"medium":["https:\/\/anpej.sn\/accueil\/wp-content\/uploads\/2021\/05\/192271302_3053064234913332_55627134882995404_n-600x540.jpg",600,540,true],"large":["https:\/\/anpej.sn\/accueil\/wp-content\/uploads\/2021\/05\/192271302_3053064234913332_55627134882995404_n.jpg",900,600,false],"post-thumbnail":["https:\/\/anpej.sn\/accueil\/wp-content\/uploads\/2021\/05\/192271302_3053064234913332_55627134882995404_n-550x410.jpg",550,410,true],"consilox_medium":["https:\/\/anpej.sn\/accueil\/wp-content\/uploads\/2021\/05\/192271302_3053064234913332_55627134882995404_n-550x580.jpg",550,580,true],"woocommerce_thumbnail":["https:\/\/anpej.sn\/accueil\/wp-content\/uploads\/2021\/05\/192271302_3053064234913332_55627134882995404_n-300x300.jpg",300,300,true],"woocommerce_single":["https:\/\/anpej.sn\/accueil\/wp-content\/uploads\/2021\/05\/192271302_3053064234913332_55627134882995404_n-600x400.jpg",600,400,true],"woocommerce_gallery_thumbnail":["https:\/\/anpej.sn\/accueil\/wp-content\/uploads\/2021\/05\/192271302_3053064234913332_55627134882995404_n-180x180.jpg",180,180,true]},"rttpg_author":{"display_name":"admin","author_link":"https:\/\/anpej.sn\/accueil\/author\/admin\/"},"rttpg_comment":16,"rttpg_category":"<a href=\"https:\/\/anpej.sn\/accueil\/category\/actualite\/\" rel=\"category tag\">actualit\u00e9<\/a> <a href=\"https:\/\/anpej.sn\/accueil\/category\/non-classe\/\" rel=\"category tag\">Non class\u00e9<\/a>","rttpg_excerpt":"L\u2019Agence Nationale pour la promotion de l\u2019emploi des jeunes ANPEJ a re\u00e7u la visite du ministre de la jeunesse, de la promotion de l\u2019entrepreneuriat et de l\u2019emploi du Burkina Faso. Monsieur Salifo TIEMTOR\u00c9 accompagn\u00e9 d\u2019une forte d\u00e9l\u00e9gation a \u00e9t\u00e9 accueilli par le Directeur G\u00e9n\u00e9ral, Monsieur Tamsir Faye et ses collaborateurs.","_links":{"self":[{"href":"https:\/\/anpej.sn\/accueil\/wp-json\/wp\/v2\/posts\/1413","targetHints":{"allow":["GET"]}}],"collection":[{"href":"https:\/\/anpej.sn\/accueil\/wp-json\/wp\/v2\/posts"}],"about":[{"href":"https:\/\/anpej.sn\/accueil\/wp-json\/wp\/v2\/types\/post"}],"author":[{"embeddable":true,"href":"https:\/\/anpej.sn\/accueil\/wp-json\/wp\/v2\/users\/1"}],"replies":[{"embeddable":true,"href":"https:\/\/anpej.sn\/accueil\/wp-json\/wp\/v2\/comments?post=1413"}],"version-history":[{"count":0,"href":"https:\/\/anpej.sn\/accueil\/wp-json\/wp\/v2\/posts\/1413\/revisions"}],"wp:featuredmedia":[{"embeddable":true,"href":"https:\/\/anpej.sn\/accueil\/wp-json\/wp\/v2\/media\/13915"}],"wp:attachment":[{"href":"https:\/\/anpej.sn\/accueil\/wp-json\/wp\/v2\/media?parent=1413"}],"wp:term":[{"taxonomy":"category","embeddable":true,"href":"https:\/\/anpej.sn\/accueil\/wp-json\/wp\/v2\/categories?post=1413"},{"taxonomy":"post_tag","embeddable":true,"href":"https:\/\/anpej.sn\/accueil\/wp-json\/wp\/v2\/tags?post=1413"}],"curies":[{"name":"wp","href":"https:\/\/api.w.org\/{rel}","templated":true}]}}