{"id":14170,"date":"2024-05-17T11:35:35","date_gmt":"2024-05-17T11:35:35","guid":{"rendered":"https:\/\/anpej.sn\/accueil\/?p=14170"},"modified":"2024-05-17T11:35:35","modified_gmt":"2024-05-17T11:35:35","slug":"premiere-session-de-formation-en-menuiserie-bois-de-tambacounda","status":"publish","type":"post","link":"https:\/\/anpej.sn\/accueil\/premiere-session-de-formation-en-menuiserie-bois-de-tambacounda\/","title":{"rendered":"Premi\u00e8re session de formation en menuiserie bois de Tambacounda."},"content":{"rendered":"<div dir=\"auto\">L&#8217;agence Nationale pour la Promotion de l&#8217;emploi des jeunes (ANPEJ), en collaboration avec la Chambre des m\u00e9tiers de Tambacounda, a organis\u00e9 du 09 au 18 Mai 2024 une premi\u00e8re session de formation de 20 Menuisiers en Technique de production de mobilier de bureau au Centre d&#8217;incubation en menuiserie bois de Tambacounda.<\/div>\n<div dir=\"auto\">L&#8217;occasion a \u00e9t\u00e9 saisie par le gouverneur et les autorit\u00e9s de la r\u00e9gion pour effectuer une visite guid\u00e9e du Centre, et de constater les mobiliers de bureaux confectionn\u00e9s par les Menuisiers en formation.<\/div>\n<div dir=\"auto\">R\u00e9nov\u00e9 et \u00e9quip\u00e9 par l&#8217;ANPEJ, ce centre sera tr\u00e8s prochainement inaugur\u00e9 et mis en exploitation en collaboration avec la Chambre des m\u00e9tiers et les partenaires vis\u00e9s.<\/div>\n","protected":false},"excerpt":{"rendered":"<p>L&#8217;agence Nationale pour la Promotion de l&#8217;emploi des jeunes (ANPEJ), en collaboration avec la Chambre des m\u00e9tiers de Tambacounda, a organis\u00e9 du 09 au 18 Mai 2024 une premi\u00e8re session [&hellip;]<\/p>\n","protected":false},"author":2,"featured_media":14171,"comment_status":"open","ping_status":"open","sticky":false,"template":"","format":"standard","meta":{"footnotes":""},"categories":[19],"tags":[],"class_list":["post-14170","post","type-post","status-publish","format-standard","has-post-thumbnail","hentry","category-uncategorized"],"rttpg_featured_image_url":{"full":["https:\/\/anpej.sn\/accueil\/wp-content\/uploads\/2024\/05\/atlier.jpg",1080,810,false],"landscape":["https:\/\/anpej.sn\/accueil\/wp-content\/uploads\/2024\/05\/atlier.jpg",1080,810,false],"portraits":["https:\/\/anpej.sn\/accueil\/wp-content\/uploads\/2024\/05\/atlier.jpg",1080,810,false],"thumbnail":["https:\/\/anpej.sn\/accueil\/wp-content\/uploads\/2024\/05\/atlier-175x175.jpg",175,175,true],"medium":["https:\/\/anpej.sn\/accueil\/wp-content\/uploads\/2024\/05\/atlier-600x540.jpg",600,540,true],"large":["https:\/\/anpej.sn\/accueil\/wp-content\/uploads\/2024\/05\/atlier-1024x768.jpg",900,675,true],"post-thumbnail":["https:\/\/anpej.sn\/accueil\/wp-content\/uploads\/2024\/05\/atlier-550x410.jpg",550,410,true],"consilox_medium":["https:\/\/anpej.sn\/accueil\/wp-content\/uploads\/2024\/05\/atlier-550x580.jpg",550,580,true],"woocommerce_thumbnail":["https:\/\/anpej.sn\/accueil\/wp-content\/uploads\/2024\/05\/atlier-300x300.jpg",300,300,true],"woocommerce_single":["https:\/\/anpej.sn\/accueil\/wp-content\/uploads\/2024\/05\/atlier-600x450.jpg",600,450,true],"woocommerce_gallery_thumbnail":["https:\/\/anpej.sn\/accueil\/wp-content\/uploads\/2024\/05\/atlier-180x180.jpg",180,180,true]},"rttpg_author":{"display_name":"Seynabou DIOUF","author_link":"https:\/\/anpej.sn\/accueil\/author\/seynabou\/"},"rttpg_comment":0,"rttpg_category":"<a href=\"https:\/\/anpej.sn\/accueil\/category\/uncategorized\/\" rel=\"category tag\">Uncategorized<\/a>","rttpg_excerpt":"L&#8217;agence Nationale pour la Promotion de l&#8217;emploi des jeunes (ANPEJ), en collaboration avec la Chambre des m\u00e9tiers de Tambacounda, a organis\u00e9 du 09 au 18 Mai 2024 une premi\u00e8re session [&hellip;]","_links":{"self":[{"href":"https:\/\/anpej.sn\/accueil\/wp-json\/wp\/v2\/posts\/14170","targetHints":{"allow":["GET"]}}],"collection":[{"href":"https:\/\/anpej.sn\/accueil\/wp-json\/wp\/v2\/posts"}],"about":[{"href":"https:\/\/anpej.sn\/accueil\/wp-json\/wp\/v2\/types\/post"}],"author":[{"embeddable":true,"href":"https:\/\/anpej.sn\/accueil\/wp-json\/wp\/v2\/users\/2"}],"replies":[{"embeddable":true,"href":"https:\/\/anpej.sn\/accueil\/wp-json\/wp\/v2\/comments?post=14170"}],"version-history":[{"count":0,"href":"https:\/\/anpej.sn\/accueil\/wp-json\/wp\/v2\/posts\/14170\/revisions"}],"wp:featuredmedia":[{"embeddable":true,"href":"https:\/\/anpej.sn\/accueil\/wp-json\/wp\/v2\/media\/14171"}],"wp:attachment":[{"href":"https:\/\/anpej.sn\/accueil\/wp-json\/wp\/v2\/media?parent=14170"}],"wp:term":[{"taxonomy":"category","embeddable":true,"href":"https:\/\/anpej.sn\/accueil\/wp-json\/wp\/v2\/categories?post=14170"},{"taxonomy":"post_tag","embeddable":true,"href":"https:\/\/anpej.sn\/accueil\/wp-json\/wp\/v2\/tags?post=14170"}],"curies":[{"name":"wp","href":"https:\/\/api.w.org\/{rel}","templated":true}]}}