{"id":14173,"date":"2024-05-08T11:46:32","date_gmt":"2024-05-08T11:46:32","guid":{"rendered":"https:\/\/anpej.sn\/accueil\/?p=14173"},"modified":"2024-05-08T11:46:32","modified_gmt":"2024-05-08T11:46:32","slug":"atelier-de-formation-sur-les-techniques-de-recherche-demploi","status":"publish","type":"post","link":"https:\/\/anpej.sn\/accueil\/atelier-de-formation-sur-les-techniques-de-recherche-demploi\/","title":{"rendered":"Atelier de formation sur les techniques de recherche d\u2019emploi"},"content":{"rendered":"<div dir=\"auto\">Renforcement de l\u2019employabilit\u00e9 de 30 jeunes \u00e0 Dakar<\/div>\n<div dir=\"auto\">Ce mercredi 08 mai 2024, le Service d\u00e9partemental de la Jeunesse \/ CDEPS de Dakar, avec la collaboration de l\u2019antenne r\u00e9gionale de l\u2019ANPEJ de Dakar, a organis\u00e9 un \u00ab atelier de formation sur les techniques de recherche d\u2019emploi \u00bb.<\/div>\n<div dir=\"auto\">Cette formation, offerte par les deux entit\u00e9s relevant du <span class=\"html-span xdj266r x11i5rnm xat24cr x1mh8g0r xexx8yu x4uap5 x18d9i69 xkhd6sd x1hl2dhg x16tdsg8 x1vvkbs\"><a class=\"x1i10hfl xjbqb8w x1ejq31n xd10rxx x1sy0etr x17r0tee x972fbf xcfux6l x1qhh985 xm0m39n x9f619 x1ypdohk xt0psk2 xe8uvvx xdj266r x11i5rnm xat24cr x1mh8g0r xexx8yu x4uap5 x18d9i69 xkhd6sd x16tdsg8 x1hl2dhg xggy1nq x1a2a7pz x1sur9pj xkrqix3 x1fey0fg xo1l8bm\" tabindex=\"0\" role=\"link\" href=\"https:\/\/www.facebook.com\/hashtag\/mjsc?__eep__=6&amp;__cft__[0]=AZXXxbYhV73oYx-Z6KOgdCT2SJxQfZZ7A6eVmHaOa2UeQLnQodxelWcQ0ITblrQAN87mQj01cFB3WrRQpheegABtxbalTXlpjvBYNilq3i7vkMZ9jaPVeOC-1xjxZYlSldyi3jlHTExXofXQFiq2XDOysZecuXgH9k2CJgi6tPTl3yd_iC3K3eCBwmaRB45abqsjqZWQvWwcmDpq5uCLFe7cBmmN53G25awllmHA5vZ37RbaOJmmu7V80yq4CShWN0U&amp;__tn__=*NK-y-R\">#MJSC<\/a><\/span>, a vu la participation d\u2019une trentaine (30) de jeunes. L\u2019objectif est de renforcer l\u2019employabilit\u00e9 des jeunes et de d\u00e9velopper leur parcours de recherche d\u2019emploi.<\/div>\n<div dir=\"auto\">\u00c0 ce titre, les participants ont acquis des nouvelles connaissances sur des concepts de base relatifs \u00e0 la r\u00e9daction des documents de candidature et la pr\u00e9sentation de leurs motivations et leurs comp\u00e9tences \u00e0 l\u2019occasion d\u2019une proposition d\u2019offre d\u2019emploi.<\/div>\n<div dir=\"auto\"><span class=\"html-span xdj266r x11i5rnm xat24cr x1mh8g0r xexx8yu x4uap5 x18d9i69 xkhd6sd x1hl2dhg x16tdsg8 x1vvkbs\"><a class=\"x1i10hfl xjbqb8w x1ejq31n xd10rxx x1sy0etr x17r0tee x972fbf xcfux6l x1qhh985 xm0m39n x9f619 x1ypdohk xt0psk2 xe8uvvx xdj266r x11i5rnm xat24cr x1mh8g0r xexx8yu x4uap5 x18d9i69 xkhd6sd x16tdsg8 x1hl2dhg xggy1nq x1a2a7pz x1sur9pj xkrqix3 x1fey0fg xo1l8bm\" tabindex=\"0\" role=\"link\" href=\"https:\/\/www.facebook.com\/hashtag\/mjsc?__eep__=6&amp;__cft__[0]=AZXXxbYhV73oYx-Z6KOgdCT2SJxQfZZ7A6eVmHaOa2UeQLnQodxelWcQ0ITblrQAN87mQj01cFB3WrRQpheegABtxbalTXlpjvBYNilq3i7vkMZ9jaPVeOC-1xjxZYlSldyi3jlHTExXofXQFiq2XDOysZecuXgH9k2CJgi6tPTl3yd_iC3K3eCBwmaRB45abqsjqZWQvWwcmDpq5uCLFe7cBmmN53G25awllmHA5vZ37RbaOJmmu7V80yq4CShWN0U&amp;__tn__=*NK-y-R\">#MJSC<\/a><\/span><\/div>\n<div dir=\"auto\"><span class=\"html-span xdj266r x11i5rnm xat24cr x1mh8g0r xexx8yu x4uap5 x18d9i69 xkhd6sd x1hl2dhg x16tdsg8 x1vvkbs\"><a class=\"x1i10hfl xjbqb8w x1ejq31n xd10rxx x1sy0etr x17r0tee x972fbf xcfux6l x1qhh985 xm0m39n x9f619 x1ypdohk xt0psk2 xe8uvvx xdj266r x11i5rnm xat24cr x1mh8g0r xexx8yu x4uap5 x18d9i69 xkhd6sd x16tdsg8 x1hl2dhg xggy1nq x1a2a7pz x1sur9pj xkrqix3 x1fey0fg xo1l8bm\" tabindex=\"0\" role=\"link\" href=\"https:\/\/www.facebook.com\/hashtag\/khady_diene_gaye?__eep__=6&amp;__cft__[0]=AZXXxbYhV73oYx-Z6KOgdCT2SJxQfZZ7A6eVmHaOa2UeQLnQodxelWcQ0ITblrQAN87mQj01cFB3WrRQpheegABtxbalTXlpjvBYNilq3i7vkMZ9jaPVeOC-1xjxZYlSldyi3jlHTExXofXQFiq2XDOysZecuXgH9k2CJgi6tPTl3yd_iC3K3eCBwmaRB45abqsjqZWQvWwcmDpq5uCLFe7cBmmN53G25awllmHA5vZ37RbaOJmmu7V80yq4CShWN0U&amp;__tn__=*NK-y-R\">#KHADY_DIENE_GAYE<\/a><\/span><\/div>\n<div dir=\"auto\"><span class=\"html-span xdj266r x11i5rnm xat24cr x1mh8g0r xexx8yu x4uap5 x18d9i69 xkhd6sd x1hl2dhg x16tdsg8 x1vvkbs\"><a class=\"x1i10hfl xjbqb8w x1ejq31n xd10rxx x1sy0etr x17r0tee x972fbf xcfux6l x1qhh985 xm0m39n x9f619 x1ypdohk xt0psk2 xe8uvvx xdj266r x11i5rnm xat24cr x1mh8g0r xexx8yu x4uap5 x18d9i69 xkhd6sd x16tdsg8 x1hl2dhg xggy1nq x1a2a7pz x1sur9pj xkrqix3 x1fey0fg xo1l8bm\" tabindex=\"0\" role=\"link\" href=\"https:\/\/www.facebook.com\/hashtag\/kebetu?__eep__=6&amp;__cft__[0]=AZXXxbYhV73oYx-Z6KOgdCT2SJxQfZZ7A6eVmHaOa2UeQLnQodxelWcQ0ITblrQAN87mQj01cFB3WrRQpheegABtxbalTXlpjvBYNilq3i7vkMZ9jaPVeOC-1xjxZYlSldyi3jlHTExXofXQFiq2XDOysZecuXgH9k2CJgi6tPTl3yd_iC3K3eCBwmaRB45abqsjqZWQvWwcmDpq5uCLFe7cBmmN53G25awllmHA5vZ37RbaOJmmu7V80yq4CShWN0U&amp;__tn__=*NK-y-R\">#kebetu<\/a><\/span><\/div>\n","protected":false},"excerpt":{"rendered":"<p>Renforcement de l\u2019employabilit\u00e9 de 30 jeunes \u00e0 Dakar Ce mercredi 08 mai 2024, le Service d\u00e9partemental de la Jeunesse \/ CDEPS de Dakar, avec la collaboration de l\u2019antenne r\u00e9gionale de [&hellip;]<\/p>\n","protected":false},"author":2,"featured_media":14174,"comment_status":"open","ping_status":"open","sticky":false,"template":"","format":"standard","meta":{"footnotes":""},"categories":[19],"tags":[],"class_list":["post-14173","post","type-post","status-publish","format-standard","has-post-thumbnail","hentry","category-uncategorized"],"rttpg_featured_image_url":{"full":["https:\/\/anpej.sn\/accueil\/wp-content\/uploads\/2024\/05\/technique-de-recherche.jpg",1080,607,false],"landscape":["https:\/\/anpej.sn\/accueil\/wp-content\/uploads\/2024\/05\/technique-de-recherche.jpg",1080,607,false],"portraits":["https:\/\/anpej.sn\/accueil\/wp-content\/uploads\/2024\/05\/technique-de-recherche.jpg",1080,607,false],"thumbnail":["https:\/\/anpej.sn\/accueil\/wp-content\/uploads\/2024\/05\/technique-de-recherche-175x175.jpg",175,175,true],"medium":["https:\/\/anpej.sn\/accueil\/wp-content\/uploads\/2024\/05\/technique-de-recherche-600x540.jpg",600,540,true],"large":["https:\/\/anpej.sn\/accueil\/wp-content\/uploads\/2024\/05\/technique-de-recherche-1024x576.jpg",900,506,true],"post-thumbnail":["https:\/\/anpej.sn\/accueil\/wp-content\/uploads\/2024\/05\/technique-de-recherche-550x410.jpg",550,410,true],"consilox_medium":["https:\/\/anpej.sn\/accueil\/wp-content\/uploads\/2024\/05\/technique-de-recherche-550x580.jpg",550,580,true],"woocommerce_thumbnail":["https:\/\/anpej.sn\/accueil\/wp-content\/uploads\/2024\/05\/technique-de-recherche-300x300.jpg",300,300,true],"woocommerce_single":["https:\/\/anpej.sn\/accueil\/wp-content\/uploads\/2024\/05\/technique-de-recherche-600x337.jpg",600,337,true],"woocommerce_gallery_thumbnail":["https:\/\/anpej.sn\/accueil\/wp-content\/uploads\/2024\/05\/technique-de-recherche-180x180.jpg",180,180,true]},"rttpg_author":{"display_name":"Seynabou DIOUF","author_link":"https:\/\/anpej.sn\/accueil\/author\/seynabou\/"},"rttpg_comment":0,"rttpg_category":"<a href=\"https:\/\/anpej.sn\/accueil\/category\/uncategorized\/\" rel=\"category tag\">Uncategorized<\/a>","rttpg_excerpt":"Renforcement de l\u2019employabilit\u00e9 de 30 jeunes \u00e0 Dakar Ce mercredi 08 mai 2024, le Service d\u00e9partemental de la Jeunesse \/ CDEPS de Dakar, avec la collaboration de l\u2019antenne r\u00e9gionale de [&hellip;]","_links":{"self":[{"href":"https:\/\/anpej.sn\/accueil\/wp-json\/wp\/v2\/posts\/14173","targetHints":{"allow":["GET"]}}],"collection":[{"href":"https:\/\/anpej.sn\/accueil\/wp-json\/wp\/v2\/posts"}],"about":[{"href":"https:\/\/anpej.sn\/accueil\/wp-json\/wp\/v2\/types\/post"}],"author":[{"embeddable":true,"href":"https:\/\/anpej.sn\/accueil\/wp-json\/wp\/v2\/users\/2"}],"replies":[{"embeddable":true,"href":"https:\/\/anpej.sn\/accueil\/wp-json\/wp\/v2\/comments?post=14173"}],"version-history":[{"count":0,"href":"https:\/\/anpej.sn\/accueil\/wp-json\/wp\/v2\/posts\/14173\/revisions"}],"wp:featuredmedia":[{"embeddable":true,"href":"https:\/\/anpej.sn\/accueil\/wp-json\/wp\/v2\/media\/14174"}],"wp:attachment":[{"href":"https:\/\/anpej.sn\/accueil\/wp-json\/wp\/v2\/media?parent=14173"}],"wp:term":[{"taxonomy":"category","embeddable":true,"href":"https:\/\/anpej.sn\/accueil\/wp-json\/wp\/v2\/categories?post=14173"},{"taxonomy":"post_tag","embeddable":true,"href":"https:\/\/anpej.sn\/accueil\/wp-json\/wp\/v2\/tags?post=14173"}],"curies":[{"name":"wp","href":"https:\/\/api.w.org\/{rel}","templated":true}]}}