{"id":14177,"date":"2024-05-24T10:24:04","date_gmt":"2024-05-24T10:24:04","guid":{"rendered":"https:\/\/anpej.sn\/accueil\/?p=14177"},"modified":"2024-05-24T10:24:04","modified_gmt":"2024-05-24T10:24:04","slug":"remise-de-kits-a-matam-par-lanpej-en-collaboration-avec-aecid","status":"publish","type":"post","link":"https:\/\/anpej.sn\/accueil\/remise-de-kits-a-matam-par-lanpej-en-collaboration-avec-aecid\/","title":{"rendered":"Remise de Kits \u00e0 Matam par l&#8217;ANPEJ en collaboration avec AECID"},"content":{"rendered":"<p>Dans le cadre de la 2\u00e8me phase de Projet de Renforcement de l\u2019Auto-Emploi des Jeunes (PRAEJ) initi\u00e9e par l\u2019ANPEJ et l\u2019Agence Espagnole de coop\u00e9ration pour le D\u00e9veloppement (AECID), une c\u00e9r\u00e9monie de remise de kits s\u2019est tenue \u00e0 Matam. En pr\u00e9sence des b\u00e9n\u00e9ficiaires, des autorit\u00e9s locales, du Directeur G\u00e9n\u00e9rale de l\u2019ANPEJ, du pr\u00e9fet et des partenaires. L\u2019objectif est d\u2019informer sur les opportunit\u00e9s d\u2019emploi qu\u2019offrent les r\u00e9gions de Matam et Saint Louis mais aussi de renforcer le partenariat entre l\u2019AECID et l\u2019ANPEJ.<\/p>\n<p>&nbsp;<\/p>\n","protected":false},"excerpt":{"rendered":"<p>Dans le cadre de la 2\u00e8me phase de Projet de Renforcement de l\u2019Auto-Emploi des Jeunes (PRAEJ) initi\u00e9e par l\u2019ANPEJ et l\u2019Agence Espagnole de coop\u00e9ration pour le D\u00e9veloppement (AECID), une c\u00e9r\u00e9monie [&hellip;]<\/p>\n","protected":false},"author":2,"featured_media":14178,"comment_status":"open","ping_status":"open","sticky":false,"template":"","format":"standard","meta":{"footnotes":""},"categories":[19],"tags":[],"class_list":["post-14177","post","type-post","status-publish","format-standard","has-post-thumbnail","hentry","category-uncategorized"],"rttpg_featured_image_url":{"full":["https:\/\/anpej.sn\/accueil\/wp-content\/uploads\/2024\/05\/kits-tamba.jpg",1080,810,false],"landscape":["https:\/\/anpej.sn\/accueil\/wp-content\/uploads\/2024\/05\/kits-tamba.jpg",1080,810,false],"portraits":["https:\/\/anpej.sn\/accueil\/wp-content\/uploads\/2024\/05\/kits-tamba.jpg",1080,810,false],"thumbnail":["https:\/\/anpej.sn\/accueil\/wp-content\/uploads\/2024\/05\/kits-tamba-175x175.jpg",175,175,true],"medium":["https:\/\/anpej.sn\/accueil\/wp-content\/uploads\/2024\/05\/kits-tamba-600x540.jpg",600,540,true],"large":["https:\/\/anpej.sn\/accueil\/wp-content\/uploads\/2024\/05\/kits-tamba-1024x768.jpg",900,675,true],"post-thumbnail":["https:\/\/anpej.sn\/accueil\/wp-content\/uploads\/2024\/05\/kits-tamba-550x410.jpg",550,410,true],"consilox_medium":["https:\/\/anpej.sn\/accueil\/wp-content\/uploads\/2024\/05\/kits-tamba-550x580.jpg",550,580,true],"woocommerce_thumbnail":["https:\/\/anpej.sn\/accueil\/wp-content\/uploads\/2024\/05\/kits-tamba-300x300.jpg",300,300,true],"woocommerce_single":["https:\/\/anpej.sn\/accueil\/wp-content\/uploads\/2024\/05\/kits-tamba-600x450.jpg",600,450,true],"woocommerce_gallery_thumbnail":["https:\/\/anpej.sn\/accueil\/wp-content\/uploads\/2024\/05\/kits-tamba-180x180.jpg",180,180,true]},"rttpg_author":{"display_name":"Seynabou DIOUF","author_link":"https:\/\/anpej.sn\/accueil\/author\/seynabou\/"},"rttpg_comment":0,"rttpg_category":"<a href=\"https:\/\/anpej.sn\/accueil\/category\/uncategorized\/\" rel=\"category tag\">Uncategorized<\/a>","rttpg_excerpt":"Dans le cadre de la 2\u00e8me phase de Projet de Renforcement de l\u2019Auto-Emploi des Jeunes (PRAEJ) initi\u00e9e par l\u2019ANPEJ et l\u2019Agence Espagnole de coop\u00e9ration pour le D\u00e9veloppement (AECID), une c\u00e9r\u00e9monie [&hellip;]","_links":{"self":[{"href":"https:\/\/anpej.sn\/accueil\/wp-json\/wp\/v2\/posts\/14177","targetHints":{"allow":["GET"]}}],"collection":[{"href":"https:\/\/anpej.sn\/accueil\/wp-json\/wp\/v2\/posts"}],"about":[{"href":"https:\/\/anpej.sn\/accueil\/wp-json\/wp\/v2\/types\/post"}],"author":[{"embeddable":true,"href":"https:\/\/anpej.sn\/accueil\/wp-json\/wp\/v2\/users\/2"}],"replies":[{"embeddable":true,"href":"https:\/\/anpej.sn\/accueil\/wp-json\/wp\/v2\/comments?post=14177"}],"version-history":[{"count":0,"href":"https:\/\/anpej.sn\/accueil\/wp-json\/wp\/v2\/posts\/14177\/revisions"}],"wp:featuredmedia":[{"embeddable":true,"href":"https:\/\/anpej.sn\/accueil\/wp-json\/wp\/v2\/media\/14178"}],"wp:attachment":[{"href":"https:\/\/anpej.sn\/accueil\/wp-json\/wp\/v2\/media?parent=14177"}],"wp:term":[{"taxonomy":"category","embeddable":true,"href":"https:\/\/anpej.sn\/accueil\/wp-json\/wp\/v2\/categories?post=14177"},{"taxonomy":"post_tag","embeddable":true,"href":"https:\/\/anpej.sn\/accueil\/wp-json\/wp\/v2\/tags?post=14177"}],"curies":[{"name":"wp","href":"https:\/\/api.w.org\/{rel}","templated":true}]}}