{"id":14187,"date":"2024-06-04T08:41:49","date_gmt":"2024-06-04T08:41:49","guid":{"rendered":"https:\/\/anpej.sn\/accueil\/?p=14187"},"modified":"2024-06-04T08:41:49","modified_gmt":"2024-06-04T08:41:49","slug":"ceremonie-de-passation-de-service-a-lanpej","status":"publish","type":"post","link":"https:\/\/anpej.sn\/accueil\/ceremonie-de-passation-de-service-a-lanpej\/","title":{"rendered":"C\u00e9r\u00e9monie de Passation de service \u00e0 l&#8217;ANPEJ"},"content":{"rendered":"<div dir=\"auto\">\n<p><strong>Passation de service entre le Directeur g\u00e9n\u00e9ral sortant M. Tamsir FAYE et le Directeur g\u00e9n\u00e9ral entrant Mme Sinna Amadou Gaye. <\/strong><\/p>\n<p>Ce lundi 03 juin 2024, le Pr\u00e9sident du Conseil de Surveillance, les collaborateurs, parents et amis ont assist\u00e9 \u00e0 la c\u00e9r\u00e9monie solennelle de passation de service.<\/p>\n<p>Le Directeur g\u00e9n\u00e9ral sortant a mis en exergue l\u2019ensemble des projets et programmes a fort impact en termes de cr\u00e9ation d\u2019emploi qui ont \u00e9t\u00e9 d\u00e9velopp\u00e9s par l\u2019ANPEJ. A la t\u00eate de l\u2019ANPEJ de 2019 \u00e0 2024, M.Tamsir FAYE a salu\u00e9 le travail remarquable entrepris par les agents qui n\u2019ont m\u00e9nag\u00e9 aucun effort pour la r\u00e9alisation des objectifs dans la transparence\u00a0, la rigueur et la sinc\u00e9rit\u00e9. Il a adress\u00e9 ses remerciements \u00e0 tous ses collaborateurs qui n\u2019ont cess\u00e9 de manifester leur comp\u00e9tence, leur loyaut\u00e9 et leur disponiblilit\u00e9.<\/p>\n<p>Le Directeur g\u00e9n\u00e9ral entrant , Mme Sinna Amadou GAYE s\u2019est adress\u00e9e \u00e9galement \u00e0 l\u2019ensemble du personnel en soulignant la vision du Chef de l\u2019Etat , son Excellence M. Bassirou Diomaye Diakhar FAYE, qui place l\u2019emploi au c\u0153ur des priorit\u00e9s du PROJET avec comme objectif strat\u00e9gique d\u2019apporter des r\u00e9ponses fortes au ch\u00f4mage des jeunes tout en accordant une place importante \u00e0 l\u2019ANPEJ en tant que structure de mise en \u0153uvre de la politique de l\u2019emploi.<\/p>\n<p>&nbsp;<\/p>\n<\/div>\n<div dir=\"auto\"><\/div>\n","protected":false},"excerpt":{"rendered":"<p>Passation de service entre le Directeur g\u00e9n\u00e9ral sortant M. Tamsir FAYE et le Directeur g\u00e9n\u00e9ral entrant Mme Sinna Amadou Gaye. Ce lundi 03 juin 2024, le Pr\u00e9sident du Conseil de [&hellip;]<\/p>\n","protected":false},"author":2,"featured_media":14188,"comment_status":"open","ping_status":"open","sticky":false,"template":"","format":"standard","meta":{"footnotes":""},"categories":[19],"tags":[],"class_list":["post-14187","post","type-post","status-publish","format-standard","has-post-thumbnail","hentry","category-uncategorized"],"rttpg_featured_image_url":{"full":["https:\/\/anpej.sn\/accueil\/wp-content\/uploads\/2024\/06\/447736892_778614857795208_1293868977619350939_n.jpg",2048,1319,false],"landscape":["https:\/\/anpej.sn\/accueil\/wp-content\/uploads\/2024\/06\/447736892_778614857795208_1293868977619350939_n.jpg",2048,1319,false],"portraits":["https:\/\/anpej.sn\/accueil\/wp-content\/uploads\/2024\/06\/447736892_778614857795208_1293868977619350939_n.jpg",2048,1319,false],"thumbnail":["https:\/\/anpej.sn\/accueil\/wp-content\/uploads\/2024\/06\/447736892_778614857795208_1293868977619350939_n-175x175.jpg",175,175,true],"medium":["https:\/\/anpej.sn\/accueil\/wp-content\/uploads\/2024\/06\/447736892_778614857795208_1293868977619350939_n-600x540.jpg",600,540,true],"large":["https:\/\/anpej.sn\/accueil\/wp-content\/uploads\/2024\/06\/447736892_778614857795208_1293868977619350939_n-1024x660.jpg",900,580,true],"post-thumbnail":["https:\/\/anpej.sn\/accueil\/wp-content\/uploads\/2024\/06\/447736892_778614857795208_1293868977619350939_n-550x410.jpg",550,410,true],"consilox_medium":["https:\/\/anpej.sn\/accueil\/wp-content\/uploads\/2024\/06\/447736892_778614857795208_1293868977619350939_n-550x580.jpg",550,580,true],"woocommerce_thumbnail":["https:\/\/anpej.sn\/accueil\/wp-content\/uploads\/2024\/06\/447736892_778614857795208_1293868977619350939_n-300x300.jpg",300,300,true],"woocommerce_single":["https:\/\/anpej.sn\/accueil\/wp-content\/uploads\/2024\/06\/447736892_778614857795208_1293868977619350939_n-600x386.jpg",600,386,true],"woocommerce_gallery_thumbnail":["https:\/\/anpej.sn\/accueil\/wp-content\/uploads\/2024\/06\/447736892_778614857795208_1293868977619350939_n-180x180.jpg",180,180,true]},"rttpg_author":{"display_name":"Seynabou DIOUF","author_link":"https:\/\/anpej.sn\/accueil\/author\/seynabou\/"},"rttpg_comment":1,"rttpg_category":"<a href=\"https:\/\/anpej.sn\/accueil\/category\/uncategorized\/\" rel=\"category tag\">Uncategorized<\/a>","rttpg_excerpt":"Passation de service entre le Directeur g\u00e9n\u00e9ral sortant M. Tamsir FAYE et le Directeur g\u00e9n\u00e9ral entrant Mme Sinna Amadou Gaye. Ce lundi 03 juin 2024, le Pr\u00e9sident du Conseil de [&hellip;]","_links":{"self":[{"href":"https:\/\/anpej.sn\/accueil\/wp-json\/wp\/v2\/posts\/14187","targetHints":{"allow":["GET"]}}],"collection":[{"href":"https:\/\/anpej.sn\/accueil\/wp-json\/wp\/v2\/posts"}],"about":[{"href":"https:\/\/anpej.sn\/accueil\/wp-json\/wp\/v2\/types\/post"}],"author":[{"embeddable":true,"href":"https:\/\/anpej.sn\/accueil\/wp-json\/wp\/v2\/users\/2"}],"replies":[{"embeddable":true,"href":"https:\/\/anpej.sn\/accueil\/wp-json\/wp\/v2\/comments?post=14187"}],"version-history":[{"count":0,"href":"https:\/\/anpej.sn\/accueil\/wp-json\/wp\/v2\/posts\/14187\/revisions"}],"wp:featuredmedia":[{"embeddable":true,"href":"https:\/\/anpej.sn\/accueil\/wp-json\/wp\/v2\/media\/14188"}],"wp:attachment":[{"href":"https:\/\/anpej.sn\/accueil\/wp-json\/wp\/v2\/media?parent=14187"}],"wp:term":[{"taxonomy":"category","embeddable":true,"href":"https:\/\/anpej.sn\/accueil\/wp-json\/wp\/v2\/categories?post=14187"},{"taxonomy":"post_tag","embeddable":true,"href":"https:\/\/anpej.sn\/accueil\/wp-json\/wp\/v2\/tags?post=14187"}],"curies":[{"name":"wp","href":"https:\/\/api.w.org\/{rel}","templated":true}]}}