{"id":14219,"date":"2024-06-14T14:56:08","date_gmt":"2024-06-14T14:56:08","guid":{"rendered":"https:\/\/anpej.sn\/accueil\/?p=14219"},"modified":"2024-06-14T14:56:08","modified_gmt":"2024-06-14T14:56:08","slug":"le-developpement-de-la-cooperation-allemande","status":"publish","type":"post","link":"https:\/\/anpej.sn\/accueil\/le-developpement-de-la-cooperation-allemande\/","title":{"rendered":"Le D\u00e9veloppement de la Coop\u00e9ration allemande"},"content":{"rendered":"<div class=\"xdj266r x11i5rnm xat24cr x1mh8g0r x1vvkbs x126k92a\">\n<div dir=\"auto\" style=\"text-align: left;\">Ce Jeudi 13 Juin 2024 ; le Programme Migration pour le D\u00e9veloppement de la Coop\u00e9ration allemande a officiellement transf\u00e9r\u00e9 le Centre S\u00e9n\u00e9galo-Allemand d\u2019Information pour l\u2019Emploi, la Migration et la R\u00e9int\u00e9gration (CSAEM) \u00e0 l\u2019ANPEJ. A cet effet, le Centre se nomme d\u00e9sormais Centre S\u00e9n\u00e9galais d\u2019Appui pour l\u2019Emploi, la Migration et la R\u00e9int\u00e9gration (CSAEM).<\/div>\n<div dir=\"auto\" style=\"text-align: left;\">Sous la pr\u00e9sence effective de l\u2019Ambassadeur de la R\u00e9publique d\u2019Allemagne au S\u00e9n\u00e9gal, M. Sonke SIEMON et celle du Ministre de la Jeunesse, des Sports et de la Culture, Mme Khady Di\u00e8ne GAYE, et des partenaires au d\u00e9veloppement qui interviennent dans le domaine de l\u2019emploi et de la migration ; la Directrice g\u00e9n\u00e9rale de l\u2019ANPEJ, Mme Sinna Amadou GAYE a prononc\u00e9 un mot de bienvenue pour magnifier le travail effectu\u00e9 et d\u00e9finir les axes prioritaires du Gouvernement du S\u00e9n\u00e9gal sur ce domaine.<\/div>\n<\/div>\n<div class=\"x11i5rnm xat24cr x1mh8g0r x1vvkbs xtlvy1s x126k92a\" style=\"text-align: left;\">\n<div dir=\"auto\">La migration pose souvent de grands d\u00e9fis aux pays d\u2019origine mais aussi aux pays d\u2019accueil. Toutefois, elle rec\u00e8le d\u2019importantes ressources, surtout du point de vue du d\u00e9veloppement \u00e9conomique des pays d\u2019origine, notamment sous forme de transferts de savoir-faire et d\u2019investissements des migrants.<\/div>\n<div dir=\"auto\">En outre l\u2019inad\u00e9quation entre la formation et l\u2019emploi, combin\u00e9e \u00e0 la rar\u00e9faction des possibilit\u00e9s d\u2019insertion suite aux difficult\u00e9s \u00e9conomiques et financi\u00e8res subies durant ces derni\u00e8res ann\u00e9es par le S\u00e9n\u00e9gal, ont fait basculer un tr\u00e8s grand nombre de jeunes dans le ch\u00f4mage et derni\u00e8rement dans la migration irr\u00e9guli\u00e8re.<\/div>\n<div dir=\"auto\">L\u2019ampleur du ph\u00e9nom\u00e8ne et la complexit\u00e9 des probl\u00e8mes qui lui sont connexes, notamment les r\u00e9seaux de migration irr\u00e9guli\u00e8re, la criminalit\u00e9 transfrontali\u00e8re, les trafics de tous genres mais aussi les pertes en vie humaine montrent la n\u00e9cessit\u00e9 de le combattre par des actions concr\u00e8tes.<\/div>\n<div dir=\"auto\">Il nous faut donc imp\u00e9rativement trouver des solutions adapt\u00e9es, \u00e0-m\u00eame d\u2019absorber le plus grand nombre de chercheurs d\u2019emplois sur le march\u00e9 du travail et ainsi juguler le ph\u00e9nom\u00e8ne de la migration irr\u00e9guli\u00e8re.<\/div>\n<\/div>\n<div class=\"x11i5rnm xat24cr x1mh8g0r x1vvkbs xtlvy1s x126k92a\">\n<div dir=\"auto\" style=\"text-align: left;\">Raison pour laquelle, l\u2019emploi est aujourd\u2019hui plac\u00e9 au rang de priorit\u00e9 nationale et s\u2019articule dans toutes les politiques de croissance et de cr\u00e9ation des richesses d\u00e9clin\u00e9es par son S.E. M. Bassirou Diomaye Diakhar FAYE, Pr\u00e9sident de la R\u00e9publique.<\/div>\n<\/div>\n","protected":false},"excerpt":{"rendered":"<p>Ce Jeudi 13 Juin 2024 ; le Programme Migration pour le D\u00e9veloppement de la Coop\u00e9ration allemande a officiellement transf\u00e9r\u00e9 le Centre S\u00e9n\u00e9galo-Allemand<\/p>\n","protected":false},"author":1,"featured_media":14220,"comment_status":"open","ping_status":"open","sticky":false,"template":"","format":"standard","meta":{"footnotes":""},"categories":[41],"tags":[],"class_list":["post-14219","post","type-post","status-publish","format-standard","has-post-thumbnail","hentry","category-actualite"],"rttpg_featured_image_url":{"full":["https:\/\/anpej.sn\/accueil\/wp-content\/uploads\/2024\/06\/IMG_6347-scaled-1.jpeg",2560,1707,false],"landscape":["https:\/\/anpej.sn\/accueil\/wp-content\/uploads\/2024\/06\/IMG_6347-scaled-1.jpeg",2560,1707,false],"portraits":["https:\/\/anpej.sn\/accueil\/wp-content\/uploads\/2024\/06\/IMG_6347-scaled-1.jpeg",2560,1707,false],"thumbnail":["https:\/\/anpej.sn\/accueil\/wp-content\/uploads\/2024\/06\/IMG_6347-scaled-1-175x175.jpeg",175,175,true],"medium":["https:\/\/anpej.sn\/accueil\/wp-content\/uploads\/2024\/06\/IMG_6347-scaled-1-600x540.jpeg",600,540,true],"large":["https:\/\/anpej.sn\/accueil\/wp-content\/uploads\/2024\/06\/IMG_6347-scaled-1-1024x683.jpeg",900,600,true],"post-thumbnail":["https:\/\/anpej.sn\/accueil\/wp-content\/uploads\/2024\/06\/IMG_6347-scaled-1-550x410.jpeg",550,410,true],"consilox_medium":["https:\/\/anpej.sn\/accueil\/wp-content\/uploads\/2024\/06\/IMG_6347-scaled-1-550x580.jpeg",550,580,true],"woocommerce_thumbnail":["https:\/\/anpej.sn\/accueil\/wp-content\/uploads\/2024\/06\/IMG_6347-scaled-1-300x300.jpeg",300,300,true],"woocommerce_single":["https:\/\/anpej.sn\/accueil\/wp-content\/uploads\/2024\/06\/IMG_6347-scaled-1-600x400.jpeg",600,400,true],"woocommerce_gallery_thumbnail":["https:\/\/anpej.sn\/accueil\/wp-content\/uploads\/2024\/06\/IMG_6347-scaled-1-180x180.jpeg",180,180,true]},"rttpg_author":{"display_name":"admin","author_link":"https:\/\/anpej.sn\/accueil\/author\/admin\/"},"rttpg_comment":2,"rttpg_category":"<a href=\"https:\/\/anpej.sn\/accueil\/category\/actualite\/\" rel=\"category tag\">actualit\u00e9<\/a>","rttpg_excerpt":"Ce Jeudi 13 Juin 2024 ; le Programme Migration pour le D\u00e9veloppement de la Coop\u00e9ration allemande a officiellement transf\u00e9r\u00e9 le Centre S\u00e9n\u00e9galo-Allemand","_links":{"self":[{"href":"https:\/\/anpej.sn\/accueil\/wp-json\/wp\/v2\/posts\/14219","targetHints":{"allow":["GET"]}}],"collection":[{"href":"https:\/\/anpej.sn\/accueil\/wp-json\/wp\/v2\/posts"}],"about":[{"href":"https:\/\/anpej.sn\/accueil\/wp-json\/wp\/v2\/types\/post"}],"author":[{"embeddable":true,"href":"https:\/\/anpej.sn\/accueil\/wp-json\/wp\/v2\/users\/1"}],"replies":[{"embeddable":true,"href":"https:\/\/anpej.sn\/accueil\/wp-json\/wp\/v2\/comments?post=14219"}],"version-history":[{"count":0,"href":"https:\/\/anpej.sn\/accueil\/wp-json\/wp\/v2\/posts\/14219\/revisions"}],"wp:featuredmedia":[{"embeddable":true,"href":"https:\/\/anpej.sn\/accueil\/wp-json\/wp\/v2\/media\/14220"}],"wp:attachment":[{"href":"https:\/\/anpej.sn\/accueil\/wp-json\/wp\/v2\/media?parent=14219"}],"wp:term":[{"taxonomy":"category","embeddable":true,"href":"https:\/\/anpej.sn\/accueil\/wp-json\/wp\/v2\/categories?post=14219"},{"taxonomy":"post_tag","embeddable":true,"href":"https:\/\/anpej.sn\/accueil\/wp-json\/wp\/v2\/tags?post=14219"}],"curies":[{"name":"wp","href":"https:\/\/api.w.org\/{rel}","templated":true}]}}