{"id":14236,"date":"2024-07-02T15:45:25","date_gmt":"2024-07-02T15:45:25","guid":{"rendered":"https:\/\/anpej.sn\/accueil\/?p=14236"},"modified":"2024-07-02T15:45:25","modified_gmt":"2024-07-02T15:45:25","slug":"atelier-de-presentation-des-programmes-et-projets-en-faveur-des-jeunes-et-femmes","status":"publish","type":"post","link":"https:\/\/anpej.sn\/accueil\/atelier-de-presentation-des-programmes-et-projets-en-faveur-des-jeunes-et-femmes\/","title":{"rendered":"Atelier de pr\u00e9sentation des programmes et projets en faveur des jeunes et femmes"},"content":{"rendered":"<div class=\"xdj266r x11i5rnm xat24cr x1mh8g0r x1vvkbs x126k92a\"><\/div>\n<div class=\"x11i5rnm xat24cr x1mh8g0r x1vvkbs xtlvy1s x126k92a\">\n<div dir=\"auto\">Dans le cadre du partenariat entre l&#8217;<span class=\"html-span xdj266r x11i5rnm xat24cr x1mh8g0r xexx8yu x4uap5 x18d9i69 xkhd6sd x1hl2dhg x16tdsg8 x1vvkbs\"><a class=\"x1i10hfl xjbqb8w x1ejq31n xd10rxx x1sy0etr x17r0tee x972fbf xcfux6l x1qhh985 xm0m39n x9f619 x1ypdohk xt0psk2 xe8uvvx xdj266r x11i5rnm xat24cr x1mh8g0r xexx8yu x4uap5 x18d9i69 xkhd6sd x16tdsg8 x1hl2dhg xggy1nq x1a2a7pz x1sur9pj xkrqix3 x1fey0fg xo1l8bm\" tabindex=\"0\" role=\"link\" href=\"https:\/\/www.facebook.com\/hashtag\/anpej?__eep__=6&amp;__cft__[0]=AZXbpKq5CPgrKoMp4XP2IGFl0JDtSgCmMh0N96Jzsa7K0QtNFE8sFAyWssKyTUWdyTI0kUVo-EX23z1DLAwH85cgvV58eWZ6IV5bVC3AY1K7qUYAm8pZddJS4g1bKbB1zH4WQdg7txIpjOebs-Y10bPq__BcYTjGf5sQCCLnfLz7F9V398wYstlA2Zj58URUb8MQ-Qf8b-E5q3khM5C0ZePj&amp;__tn__=*NK-R\">#ANPEJ<\/a><\/span> et <span class=\"html-span xdj266r x11i5rnm xat24cr x1mh8g0r xexx8yu x4uap5 x18d9i69 xkhd6sd x1hl2dhg x16tdsg8 x1vvkbs\"><a class=\"x1i10hfl xjbqb8w x1ejq31n xd10rxx x1sy0etr x17r0tee x972fbf xcfux6l x1qhh985 xm0m39n x9f619 x1ypdohk xt0psk2 xe8uvvx xdj266r x11i5rnm xat24cr x1mh8g0r xexx8yu x4uap5 x18d9i69 xkhd6sd x16tdsg8 x1hl2dhg xggy1nq x1a2a7pz x1sur9pj xkrqix3 x1fey0fg xo1l8bm\" tabindex=\"0\" role=\"link\" href=\"https:\/\/www.facebook.com\/hashtag\/cecisenegal?__eep__=6&amp;__cft__[0]=AZXbpKq5CPgrKoMp4XP2IGFl0JDtSgCmMh0N96Jzsa7K0QtNFE8sFAyWssKyTUWdyTI0kUVo-EX23z1DLAwH85cgvV58eWZ6IV5bVC3AY1K7qUYAm8pZddJS4g1bKbB1zH4WQdg7txIpjOebs-Y10bPq__BcYTjGf5sQCCLnfLz7F9V398wYstlA2Zj58URUb8MQ-Qf8b-E5q3khM5C0ZePj&amp;__tn__=*NK-R\">#CECISenegal<\/a><\/span> (le Centre d&#8217;Etudes et de Coop\u00e9ration Internationale), s&#8217;est tenu ce 27 juin 2024, aux Residences Feto 2, un atelier de pr\u00e9sentation des projets et programmes en faveur de l&#8217;emploi des jeunes et des femmes. La c\u00e9r\u00e9monie d&#8217;ouverture de l&#8217;activit\u00e9, qui a regroup\u00e9 plusieurs acteurs de l&#8217;\u00e9cosyst\u00e8me en charge de la question de l&#8217;emploi, a \u00e9t\u00e9 pr\u00e9sid\u00e9e par la Directrice g\u00e9n\u00e9rale de l&#8217;ANPEJ, Mme Sinna Amadou GAYE et le Directeur pays CECI S\u00e9n\u00e9gal M. Mouhamadou LEYE.<\/div>\n<div dir=\"auto\">L&#8217;<span class=\"html-span xdj266r x11i5rnm xat24cr x1mh8g0r xexx8yu x4uap5 x18d9i69 xkhd6sd x1hl2dhg x16tdsg8 x1vvkbs\"><a class=\"x1i10hfl xjbqb8w x1ejq31n xd10rxx x1sy0etr x17r0tee x972fbf xcfux6l x1qhh985 xm0m39n x9f619 x1ypdohk xt0psk2 xe8uvvx xdj266r x11i5rnm xat24cr x1mh8g0r xexx8yu x4uap5 x18d9i69 xkhd6sd x16tdsg8 x1hl2dhg xggy1nq x1a2a7pz x1sur9pj xkrqix3 x1fey0fg xo1l8bm\" tabindex=\"0\" role=\"link\" href=\"https:\/\/www.facebook.com\/hashtag\/anpej?__eep__=6&amp;__cft__[0]=AZXbpKq5CPgrKoMp4XP2IGFl0JDtSgCmMh0N96Jzsa7K0QtNFE8sFAyWssKyTUWdyTI0kUVo-EX23z1DLAwH85cgvV58eWZ6IV5bVC3AY1K7qUYAm8pZddJS4g1bKbB1zH4WQdg7txIpjOebs-Y10bPq__BcYTjGf5sQCCLnfLz7F9V398wYstlA2Zj58URUb8MQ-Qf8b-E5q3khM5C0ZePj&amp;__tn__=*NK-R\">#ANPEJ<\/a><\/span>, la <span class=\"html-span xdj266r x11i5rnm xat24cr x1mh8g0r xexx8yu x4uap5 x18d9i69 xkhd6sd x1hl2dhg x16tdsg8 x1vvkbs\"><a class=\"x1i10hfl xjbqb8w x1ejq31n xd10rxx x1sy0etr x17r0tee x972fbf xcfux6l x1qhh985 xm0m39n x9f619 x1ypdohk xt0psk2 xe8uvvx xdj266r x11i5rnm xat24cr x1mh8g0r xexx8yu x4uap5 x18d9i69 xkhd6sd x16tdsg8 x1hl2dhg xggy1nq x1a2a7pz x1sur9pj xkrqix3 x1fey0fg xo1l8bm\" tabindex=\"0\" role=\"link\" href=\"https:\/\/www.facebook.com\/hashtag\/der?__eep__=6&amp;__cft__[0]=AZXbpKq5CPgrKoMp4XP2IGFl0JDtSgCmMh0N96Jzsa7K0QtNFE8sFAyWssKyTUWdyTI0kUVo-EX23z1DLAwH85cgvV58eWZ6IV5bVC3AY1K7qUYAm8pZddJS4g1bKbB1zH4WQdg7txIpjOebs-Y10bPq__BcYTjGf5sQCCLnfLz7F9V398wYstlA2Zj58URUb8MQ-Qf8b-E5q3khM5C0ZePj&amp;__tn__=*NK-R\">#DER<\/a><\/span>\/FJ , l&#8217;<span class=\"html-span xdj266r x11i5rnm xat24cr x1mh8g0r xexx8yu x4uap5 x18d9i69 xkhd6sd x1hl2dhg x16tdsg8 x1vvkbs\"><a class=\"x1i10hfl xjbqb8w x1ejq31n xd10rxx x1sy0etr x17r0tee x972fbf xcfux6l x1qhh985 xm0m39n x9f619 x1ypdohk xt0psk2 xe8uvvx xdj266r x11i5rnm xat24cr x1mh8g0r xexx8yu x4uap5 x18d9i69 xkhd6sd x16tdsg8 x1hl2dhg xggy1nq x1a2a7pz x1sur9pj xkrqix3 x1fey0fg xo1l8bm\" tabindex=\"0\" role=\"link\" href=\"https:\/\/www.facebook.com\/hashtag\/ita?__eep__=6&amp;__cft__[0]=AZXbpKq5CPgrKoMp4XP2IGFl0JDtSgCmMh0N96Jzsa7K0QtNFE8sFAyWssKyTUWdyTI0kUVo-EX23z1DLAwH85cgvV58eWZ6IV5bVC3AY1K7qUYAm8pZddJS4g1bKbB1zH4WQdg7txIpjOebs-Y10bPq__BcYTjGf5sQCCLnfLz7F9V398wYstlA2Zj58URUb8MQ-Qf8b-E5q3khM5C0ZePj&amp;__tn__=*NK-R\">#ITA<\/a><\/span> et la <span class=\"html-span xdj266r x11i5rnm xat24cr x1mh8g0r xexx8yu x4uap5 x18d9i69 xkhd6sd x1hl2dhg x16tdsg8 x1vvkbs\"><a class=\"x1i10hfl xjbqb8w x1ejq31n xd10rxx x1sy0etr x17r0tee x972fbf xcfux6l x1qhh985 xm0m39n x9f619 x1ypdohk xt0psk2 xe8uvvx xdj266r x11i5rnm xat24cr x1mh8g0r xexx8yu x4uap5 x18d9i69 xkhd6sd x16tdsg8 x1hl2dhg xggy1nq x1a2a7pz x1sur9pj xkrqix3 x1fey0fg xo1l8bm\" tabindex=\"0\" role=\"link\" href=\"https:\/\/www.facebook.com\/hashtag\/nsia_assurance_vie?__eep__=6&amp;__cft__[0]=AZXbpKq5CPgrKoMp4XP2IGFl0JDtSgCmMh0N96Jzsa7K0QtNFE8sFAyWssKyTUWdyTI0kUVo-EX23z1DLAwH85cgvV58eWZ6IV5bVC3AY1K7qUYAm8pZddJS4g1bKbB1zH4WQdg7txIpjOebs-Y10bPq__BcYTjGf5sQCCLnfLz7F9V398wYstlA2Zj58URUb8MQ-Qf8b-E5q3khM5C0ZePj&amp;__tn__=*NK-R\">#NSIA_Assurance_Vie<\/a><\/span> ont pr\u00e9sent\u00e9 leurs offres de services respectives afin de conjuguer leurs efforts qui concourent au renforcement de l&#8217;employabilit\u00e9 et \u00e0 l&#8217;autonomisation des femmes et des jeunes.<\/div>\n<div dir=\"auto\">L&#8217;<span class=\"html-span xdj266r x11i5rnm xat24cr x1mh8g0r xexx8yu x4uap5 x18d9i69 xkhd6sd x1hl2dhg x16tdsg8 x1vvkbs\"><a class=\"x1i10hfl xjbqb8w x1ejq31n xd10rxx x1sy0etr x17r0tee x972fbf xcfux6l x1qhh985 xm0m39n x9f619 x1ypdohk xt0psk2 xe8uvvx xdj266r x11i5rnm xat24cr x1mh8g0r xexx8yu x4uap5 x18d9i69 xkhd6sd x16tdsg8 x1hl2dhg xggy1nq x1a2a7pz x1sur9pj xkrqix3 x1fey0fg xo1l8bm\" tabindex=\"0\" role=\"link\" href=\"https:\/\/www.facebook.com\/hashtag\/anpej?__eep__=6&amp;__cft__[0]=AZXbpKq5CPgrKoMp4XP2IGFl0JDtSgCmMh0N96Jzsa7K0QtNFE8sFAyWssKyTUWdyTI0kUVo-EX23z1DLAwH85cgvV58eWZ6IV5bVC3AY1K7qUYAm8pZddJS4g1bKbB1zH4WQdg7txIpjOebs-Y10bPq__BcYTjGf5sQCCLnfLz7F9V398wYstlA2Zj58URUb8MQ-Qf8b-E5q3khM5C0ZePj&amp;__tn__=*NK-R\">#ANPEJ<\/a><\/span> et <span class=\"html-span xdj266r x11i5rnm xat24cr x1mh8g0r xexx8yu x4uap5 x18d9i69 xkhd6sd x1hl2dhg x16tdsg8 x1vvkbs\"><a class=\"x1i10hfl xjbqb8w x1ejq31n xd10rxx x1sy0etr x17r0tee x972fbf xcfux6l x1qhh985 xm0m39n x9f619 x1ypdohk xt0psk2 xe8uvvx xdj266r x11i5rnm xat24cr x1mh8g0r xexx8yu x4uap5 x18d9i69 xkhd6sd x16tdsg8 x1hl2dhg xggy1nq x1a2a7pz x1sur9pj xkrqix3 x1fey0fg xo1l8bm\" tabindex=\"0\" role=\"link\" href=\"https:\/\/www.facebook.com\/hashtag\/cecisenegal?__eep__=6&amp;__cft__[0]=AZXbpKq5CPgrKoMp4XP2IGFl0JDtSgCmMh0N96Jzsa7K0QtNFE8sFAyWssKyTUWdyTI0kUVo-EX23z1DLAwH85cgvV58eWZ6IV5bVC3AY1K7qUYAm8pZddJS4g1bKbB1zH4WQdg7txIpjOebs-Y10bPq__BcYTjGf5sQCCLnfLz7F9V398wYstlA2Zj58URUb8MQ-Qf8b-E5q3khM5C0ZePj&amp;__tn__=*NK-R\">#CECISenegal<\/a><\/span> travaillent d\u00e9j\u00e0 sur des solutions de d\u00e9veloppement durable \u00e0 travers la r\u00e9alisation conjointe de projets et programmes sur l&#8217;entrepreneuriat, le genre, la s\u00e9curit\u00e9 alimentaire et les cha\u00eenes de valeurs agricoles, conform\u00e9ment \u00e0 la vision du Chef de l&#8217;Etat, Son Excellence M. Bassirou Diomaye Diakhar FAYE qui a fait de l&#8217;emploi des jeunes un des objectifs phares du PROJET.<\/div>\n<\/div>\n","protected":false},"excerpt":{"rendered":"<p>Dans le cadre du partenariat entre l&#8217;#ANPEJ et #CECISenegal (le Centre d&#8217;Etudes et de Coop\u00e9ration Internationale), s&#8217;est tenu ce 27 juin 2024, aux Residences Feto 2<\/p>\n","protected":false},"author":1,"featured_media":14238,"comment_status":"open","ping_status":"open","sticky":false,"template":"","format":"standard","meta":{"footnotes":""},"categories":[19],"tags":[],"class_list":["post-14236","post","type-post","status-publish","format-standard","has-post-thumbnail","hentry","category-uncategorized"],"rttpg_featured_image_url":{"full":["https:\/\/anpej.sn\/accueil\/wp-content\/uploads\/2024\/07\/449182596_793056193017741_7659541913730641710_n.jpg",2048,1365,false],"landscape":["https:\/\/anpej.sn\/accueil\/wp-content\/uploads\/2024\/07\/449182596_793056193017741_7659541913730641710_n.jpg",2048,1365,false],"portraits":["https:\/\/anpej.sn\/accueil\/wp-content\/uploads\/2024\/07\/449182596_793056193017741_7659541913730641710_n.jpg",2048,1365,false],"thumbnail":["https:\/\/anpej.sn\/accueil\/wp-content\/uploads\/2024\/07\/449182596_793056193017741_7659541913730641710_n-175x175.jpg",175,175,true],"medium":["https:\/\/anpej.sn\/accueil\/wp-content\/uploads\/2024\/07\/449182596_793056193017741_7659541913730641710_n-600x540.jpg",600,540,true],"large":["https:\/\/anpej.sn\/accueil\/wp-content\/uploads\/2024\/07\/449182596_793056193017741_7659541913730641710_n-1024x683.jpg",900,600,true],"post-thumbnail":["https:\/\/anpej.sn\/accueil\/wp-content\/uploads\/2024\/07\/449182596_793056193017741_7659541913730641710_n-550x410.jpg",550,410,true],"consilox_medium":["https:\/\/anpej.sn\/accueil\/wp-content\/uploads\/2024\/07\/449182596_793056193017741_7659541913730641710_n-550x580.jpg",550,580,true],"woocommerce_thumbnail":["https:\/\/anpej.sn\/accueil\/wp-content\/uploads\/2024\/07\/449182596_793056193017741_7659541913730641710_n-300x300.jpg",300,300,true],"woocommerce_single":["https:\/\/anpej.sn\/accueil\/wp-content\/uploads\/2024\/07\/449182596_793056193017741_7659541913730641710_n-600x400.jpg",600,400,true],"woocommerce_gallery_thumbnail":["https:\/\/anpej.sn\/accueil\/wp-content\/uploads\/2024\/07\/449182596_793056193017741_7659541913730641710_n-180x180.jpg",180,180,true]},"rttpg_author":{"display_name":"admin","author_link":"https:\/\/anpej.sn\/accueil\/author\/admin\/"},"rttpg_comment":0,"rttpg_category":"<a href=\"https:\/\/anpej.sn\/accueil\/category\/uncategorized\/\" rel=\"category tag\">Uncategorized<\/a>","rttpg_excerpt":"Dans le cadre du partenariat entre l'#ANPEJ et #CECISenegal (le Centre d'Etudes et de Coop\u00e9ration Internationale), s'est tenu ce 27 juin 2024, aux Residences Feto 2","_links":{"self":[{"href":"https:\/\/anpej.sn\/accueil\/wp-json\/wp\/v2\/posts\/14236","targetHints":{"allow":["GET"]}}],"collection":[{"href":"https:\/\/anpej.sn\/accueil\/wp-json\/wp\/v2\/posts"}],"about":[{"href":"https:\/\/anpej.sn\/accueil\/wp-json\/wp\/v2\/types\/post"}],"author":[{"embeddable":true,"href":"https:\/\/anpej.sn\/accueil\/wp-json\/wp\/v2\/users\/1"}],"replies":[{"embeddable":true,"href":"https:\/\/anpej.sn\/accueil\/wp-json\/wp\/v2\/comments?post=14236"}],"version-history":[{"count":0,"href":"https:\/\/anpej.sn\/accueil\/wp-json\/wp\/v2\/posts\/14236\/revisions"}],"wp:featuredmedia":[{"embeddable":true,"href":"https:\/\/anpej.sn\/accueil\/wp-json\/wp\/v2\/media\/14238"}],"wp:attachment":[{"href":"https:\/\/anpej.sn\/accueil\/wp-json\/wp\/v2\/media?parent=14236"}],"wp:term":[{"taxonomy":"category","embeddable":true,"href":"https:\/\/anpej.sn\/accueil\/wp-json\/wp\/v2\/categories?post=14236"},{"taxonomy":"post_tag","embeddable":true,"href":"https:\/\/anpej.sn\/accueil\/wp-json\/wp\/v2\/tags?post=14236"}],"curies":[{"name":"wp","href":"https:\/\/api.w.org\/{rel}","templated":true}]}}