{"id":14241,"date":"2024-07-04T14:44:17","date_gmt":"2024-07-04T14:44:17","guid":{"rendered":"https:\/\/anpej.sn\/accueil\/?p=14241"},"modified":"2024-07-04T14:44:17","modified_gmt":"2024-07-04T14:44:17","slug":"le-futur-secrit-avec-la-jeunesse","status":"publish","type":"post","link":"https:\/\/anpej.sn\/accueil\/le-futur-secrit-avec-la-jeunesse\/","title":{"rendered":"Le futur s&#8217;\u00e9crit avec la jeunesse."},"content":{"rendered":"<p>Le Programme Solidarit\u00e9 Eau et l\u2019Association des Jeunes Professionnels de l\u2019Eau et de l\u2019Assainissement du S\u00e9n\u00e9gal ont organis\u00e9 ce 03 Juillet 2024, un atelier d\u2019\u00e9changes sur la formation et l\u2019employabilit\u00e9 des jeunes dans le secteur de l\u2019Eau et de l\u2019Assainissement au S\u00e9n\u00e9gal.<\/p>\n<p>Ce domaine d&#8217;activit\u00e9, \u00e0 fort potentiel de recrutements, renferme des niches d\u2019emplois qui sont m\u00e9connues du grand public. D\u2019o\u00f9 la n\u00e9cessit\u00e9 de relever les d\u00e9fis relatifs \u00e0 l\u2019acc\u00e8s \u00e0 l\u2019information, \u00e0 la formation et au renforcement des comp\u00e9tences afin d\u2019apporter des r\u00e9ponses mieux cibl\u00e9es aux attentes des jeunes et aux besoins des entreprises.<\/p>\n<p>La c\u00e9r\u00e9monie officielle a vu la participation de Mme Sinna Amadou GAYE Directrice g\u00e9n\u00e9rale de l\u2019ANPEJ, M. Julien SAGNA Conseiller Technique N\u00b01 du Minist\u00e8re de l\u2019hydraulique et de l\u2019assainissement, Mme Louise MAHDAVI Charg\u00e9e de mission de la Coop\u00e9ration d\u00e9centralis\u00e9e \u00e0 l\u2019Ambassade de France,<br \/>\nMme Khadidiatou Ba NDIAYE Repr\u00e9sentante du Programme Solidarit\u00e9 PSE-Eau S\u00e9n\u00e9gal,<br \/>\nDr. Awa Niang FALL Directrice de l\u2019Ecole doctorale sur la qualit\u00e9 et les usages de l&#8217;eau (EDEQUE de l&#8217;UCAD), des membres de l\u2019Association des Jeunes Professionnels de l\u2019Eau et de l\u2019Assainissement du S\u00e9n\u00e9gal et d&#8217;autres partenaires de l&#8217;\u00e9cosyst\u00e8me Eau et Assainissement.<\/p>\n","protected":false},"excerpt":{"rendered":"<p>Le Programme Solidarit\u00e9 Eau et l\u2019Association des Jeunes Professionnels de l\u2019Eau et de l\u2019Assainissement du S\u00e9n\u00e9gal ont organis\u00e9 ce 03 Juillet 2024<\/p>\n","protected":false},"author":1,"featured_media":14243,"comment_status":"open","ping_status":"open","sticky":false,"template":"","format":"standard","meta":{"footnotes":""},"categories":[41],"tags":[],"class_list":["post-14241","post","type-post","status-publish","format-standard","has-post-thumbnail","hentry","category-actualite"],"rttpg_featured_image_url":{"full":["https:\/\/anpej.sn\/accueil\/wp-content\/uploads\/2024\/07\/WhatsApp-Image-2024-07-04-at-14.19.28-4.jpeg",1600,900,false],"landscape":["https:\/\/anpej.sn\/accueil\/wp-content\/uploads\/2024\/07\/WhatsApp-Image-2024-07-04-at-14.19.28-4.jpeg",1600,900,false],"portraits":["https:\/\/anpej.sn\/accueil\/wp-content\/uploads\/2024\/07\/WhatsApp-Image-2024-07-04-at-14.19.28-4.jpeg",1600,900,false],"thumbnail":["https:\/\/anpej.sn\/accueil\/wp-content\/uploads\/2024\/07\/WhatsApp-Image-2024-07-04-at-14.19.28-4-175x175.jpeg",175,175,true],"medium":["https:\/\/anpej.sn\/accueil\/wp-content\/uploads\/2024\/07\/WhatsApp-Image-2024-07-04-at-14.19.28-4-600x540.jpeg",600,540,true],"large":["https:\/\/anpej.sn\/accueil\/wp-content\/uploads\/2024\/07\/WhatsApp-Image-2024-07-04-at-14.19.28-4-1024x576.jpeg",900,506,true],"post-thumbnail":["https:\/\/anpej.sn\/accueil\/wp-content\/uploads\/2024\/07\/WhatsApp-Image-2024-07-04-at-14.19.28-4-550x410.jpeg",550,410,true],"consilox_medium":["https:\/\/anpej.sn\/accueil\/wp-content\/uploads\/2024\/07\/WhatsApp-Image-2024-07-04-at-14.19.28-4-550x580.jpeg",550,580,true],"woocommerce_thumbnail":["https:\/\/anpej.sn\/accueil\/wp-content\/uploads\/2024\/07\/WhatsApp-Image-2024-07-04-at-14.19.28-4-300x300.jpeg",300,300,true],"woocommerce_single":["https:\/\/anpej.sn\/accueil\/wp-content\/uploads\/2024\/07\/WhatsApp-Image-2024-07-04-at-14.19.28-4-600x338.jpeg",600,338,true],"woocommerce_gallery_thumbnail":["https:\/\/anpej.sn\/accueil\/wp-content\/uploads\/2024\/07\/WhatsApp-Image-2024-07-04-at-14.19.28-4-180x180.jpeg",180,180,true]},"rttpg_author":{"display_name":"admin","author_link":"https:\/\/anpej.sn\/accueil\/author\/admin\/"},"rttpg_comment":0,"rttpg_category":"<a href=\"https:\/\/anpej.sn\/accueil\/category\/actualite\/\" rel=\"category tag\">actualit\u00e9<\/a>","rttpg_excerpt":"Le Programme Solidarit\u00e9 Eau et l\u2019Association des Jeunes Professionnels de l\u2019Eau et de l\u2019Assainissement du S\u00e9n\u00e9gal ont organis\u00e9 ce 03 Juillet 2024","_links":{"self":[{"href":"https:\/\/anpej.sn\/accueil\/wp-json\/wp\/v2\/posts\/14241","targetHints":{"allow":["GET"]}}],"collection":[{"href":"https:\/\/anpej.sn\/accueil\/wp-json\/wp\/v2\/posts"}],"about":[{"href":"https:\/\/anpej.sn\/accueil\/wp-json\/wp\/v2\/types\/post"}],"author":[{"embeddable":true,"href":"https:\/\/anpej.sn\/accueil\/wp-json\/wp\/v2\/users\/1"}],"replies":[{"embeddable":true,"href":"https:\/\/anpej.sn\/accueil\/wp-json\/wp\/v2\/comments?post=14241"}],"version-history":[{"count":0,"href":"https:\/\/anpej.sn\/accueil\/wp-json\/wp\/v2\/posts\/14241\/revisions"}],"wp:featuredmedia":[{"embeddable":true,"href":"https:\/\/anpej.sn\/accueil\/wp-json\/wp\/v2\/media\/14243"}],"wp:attachment":[{"href":"https:\/\/anpej.sn\/accueil\/wp-json\/wp\/v2\/media?parent=14241"}],"wp:term":[{"taxonomy":"category","embeddable":true,"href":"https:\/\/anpej.sn\/accueil\/wp-json\/wp\/v2\/categories?post=14241"},{"taxonomy":"post_tag","embeddable":true,"href":"https:\/\/anpej.sn\/accueil\/wp-json\/wp\/v2\/tags?post=14241"}],"curies":[{"name":"wp","href":"https:\/\/api.w.org\/{rel}","templated":true}]}}