{"id":14263,"date":"2024-07-09T16:22:19","date_gmt":"2024-07-09T16:22:19","guid":{"rendered":"https:\/\/anpej.sn\/accueil\/?p=14263"},"modified":"2024-07-09T16:22:19","modified_gmt":"2024-07-09T16:22:19","slug":"signature-convention-anpej-vinci","status":"publish","type":"post","link":"https:\/\/anpej.sn\/accueil\/signature-convention-anpej-vinci\/","title":{"rendered":"Signature Convention ANPEJ\/VINCI"},"content":{"rendered":"<p>Ce mardi 09 Juillet 2024, le Directeur G\u00e9n\u00e9ral de L&#8217;ANPEJ Mme Sinna Amadou GAYE et le Directeur G\u00e9n\u00e9ral de la Soci\u00e9t\u00e9 VINCI \u00c9nergies S\u00e9n\u00e9gal M Christophe GAUDEFROY ont proc\u00e9d\u00e9 \u00e0 la signature d\u2019une convention de partenariat qui vise la formation et le recrutement de 100 jeunes dans les m\u00e9tiers de l&#8217;\u00e9lectricit\u00e9, de l&#8217;\u00e9lectrotechnique et de la m\u00e9canique.<\/p>\n<p>Chers jeunes ! Suivez nos pages pour saisir les opportunit\u00e9s \u00e0 venir<\/p>\n","protected":false},"excerpt":{"rendered":"<p>Ce mardi 09 Juillet 2024, le Directeur G\u00e9n\u00e9ral de L&#8217;ANPEJ Mme Sinna Amadou GAYE et le Directeur G\u00e9n\u00e9ral de la Soci\u00e9t\u00e9 VINCI \u00c9nergies S\u00e9n\u00e9gal M Christophe GAUDEFROY ont proc\u00e9d\u00e9 \u00e0 [&hellip;]<\/p>\n","protected":false},"author":2,"featured_media":14264,"comment_status":"open","ping_status":"open","sticky":false,"template":"","format":"standard","meta":{"footnotes":""},"categories":[19],"tags":[],"class_list":["post-14263","post","type-post","status-publish","format-standard","has-post-thumbnail","hentry","category-uncategorized"],"rttpg_featured_image_url":{"full":["https:\/\/anpej.sn\/accueil\/wp-content\/uploads\/2024\/07\/7.jpg",1077,709,false],"landscape":["https:\/\/anpej.sn\/accueil\/wp-content\/uploads\/2024\/07\/7.jpg",1077,709,false],"portraits":["https:\/\/anpej.sn\/accueil\/wp-content\/uploads\/2024\/07\/7.jpg",1077,709,false],"thumbnail":["https:\/\/anpej.sn\/accueil\/wp-content\/uploads\/2024\/07\/7-175x175.jpg",175,175,true],"medium":["https:\/\/anpej.sn\/accueil\/wp-content\/uploads\/2024\/07\/7-600x540.jpg",600,540,true],"large":["https:\/\/anpej.sn\/accueil\/wp-content\/uploads\/2024\/07\/7-1024x674.jpg",900,592,true],"post-thumbnail":["https:\/\/anpej.sn\/accueil\/wp-content\/uploads\/2024\/07\/7-550x410.jpg",550,410,true],"consilox_medium":["https:\/\/anpej.sn\/accueil\/wp-content\/uploads\/2024\/07\/7-550x580.jpg",550,580,true],"woocommerce_thumbnail":["https:\/\/anpej.sn\/accueil\/wp-content\/uploads\/2024\/07\/7-300x300.jpg",300,300,true],"woocommerce_single":["https:\/\/anpej.sn\/accueil\/wp-content\/uploads\/2024\/07\/7-600x395.jpg",600,395,true],"woocommerce_gallery_thumbnail":["https:\/\/anpej.sn\/accueil\/wp-content\/uploads\/2024\/07\/7-180x180.jpg",180,180,true]},"rttpg_author":{"display_name":"Seynabou DIOUF","author_link":"https:\/\/anpej.sn\/accueil\/author\/seynabou\/"},"rttpg_comment":0,"rttpg_category":"<a href=\"https:\/\/anpej.sn\/accueil\/category\/uncategorized\/\" rel=\"category tag\">Uncategorized<\/a>","rttpg_excerpt":"Ce mardi 09 Juillet 2024, le Directeur G\u00e9n\u00e9ral de L&#8217;ANPEJ Mme Sinna Amadou GAYE et le Directeur G\u00e9n\u00e9ral de la Soci\u00e9t\u00e9 VINCI \u00c9nergies S\u00e9n\u00e9gal M Christophe GAUDEFROY ont proc\u00e9d\u00e9 \u00e0 [&hellip;]","_links":{"self":[{"href":"https:\/\/anpej.sn\/accueil\/wp-json\/wp\/v2\/posts\/14263","targetHints":{"allow":["GET"]}}],"collection":[{"href":"https:\/\/anpej.sn\/accueil\/wp-json\/wp\/v2\/posts"}],"about":[{"href":"https:\/\/anpej.sn\/accueil\/wp-json\/wp\/v2\/types\/post"}],"author":[{"embeddable":true,"href":"https:\/\/anpej.sn\/accueil\/wp-json\/wp\/v2\/users\/2"}],"replies":[{"embeddable":true,"href":"https:\/\/anpej.sn\/accueil\/wp-json\/wp\/v2\/comments?post=14263"}],"version-history":[{"count":0,"href":"https:\/\/anpej.sn\/accueil\/wp-json\/wp\/v2\/posts\/14263\/revisions"}],"wp:featuredmedia":[{"embeddable":true,"href":"https:\/\/anpej.sn\/accueil\/wp-json\/wp\/v2\/media\/14264"}],"wp:attachment":[{"href":"https:\/\/anpej.sn\/accueil\/wp-json\/wp\/v2\/media?parent=14263"}],"wp:term":[{"taxonomy":"category","embeddable":true,"href":"https:\/\/anpej.sn\/accueil\/wp-json\/wp\/v2\/categories?post=14263"},{"taxonomy":"post_tag","embeddable":true,"href":"https:\/\/anpej.sn\/accueil\/wp-json\/wp\/v2\/tags?post=14263"}],"curies":[{"name":"wp","href":"https:\/\/api.w.org\/{rel}","templated":true}]}}