{"id":14302,"date":"2024-07-15T15:11:38","date_gmt":"2024-07-15T15:11:38","guid":{"rendered":"https:\/\/anpej.sn\/accueil\/?p=14302"},"modified":"2024-07-15T15:11:38","modified_gmt":"2024-07-15T15:11:38","slug":"visite-de-la-delegation-de-linstitut-superieur-detudes-strategiques-et-politiques-du-nigerianipss-a-lanpej","status":"publish","type":"post","link":"https:\/\/anpej.sn\/accueil\/visite-de-la-delegation-de-linstitut-superieur-detudes-strategiques-et-politiques-du-nigerianipss-a-lanpej\/","title":{"rendered":"Visite de la d\u00e9l\u00e9gation de l\u2019Institut Sup\u00e9rieur d\u2019Etudes Strat\u00e9giques et Politiques du Nig\u00e9ria(NIPSS), \u00e0 l\u2019ANPEJ."},"content":{"rendered":"<p>Le vendredi 12 Juillet, une forte d\u00e9l\u00e9gation nig\u00e9riane conduite par l\u2019Ambassadeur du Nig\u00e9ria au S\u00e9n\u00e9gal, Son Excellence Abubakar Salisu Ramat, a effectu\u00e9 une visite d\u2019\u00e9changes dans les locaux de l\u2019ANPEJ.<\/p>\n<p>La d\u00e9l\u00e9gation \u00e9tait compos\u00e9e des stagiaires de l\u2019Institut National qui sont des hauts cadres de l\u2019administration, du secteur priv\u00e9 et de la soci\u00e9t\u00e9 civile.<\/p>\n<p>Ils \u00e9taient venus pour s\u2019impr\u00e9gner de l\u2019exp\u00e9rience du S\u00e9n\u00e9gal dans le domaine de l\u2019\u00e9conomie num\u00e9rique, de la cr\u00e9ation d\u2019emplois et de l\u2019autonomisation des jeunes. A la suite des pr\u00e9sentations sur la politique nationale d\u2019emploi et sur la strat\u00e9gie d\u2019intervention de l\u2019ANPEJ, les \u00e9changes ont port\u00e9 sur le syst\u00e8me d\u2019information, la prise en charge des jeunes en milieu rural, le partage des bonnes pratiques, les facteurs de succ\u00e8s et de contraintes dans le domaine de l\u2019autonomisation des jeunes.<\/p>\n<p>Les visiteurs ont bien appr\u00e9ci\u00e9 ces moments intenses d\u2019\u00e9changes et ont vivement remerci\u00e9 la Directrice G\u00e9n\u00e9rale et son \u00e9quipe pour la qualit\u00e9 de l\u2019accueil et la diligence avec laquelle elle a r\u00e9pondu positivement \u00e0 la sollicitation de l\u2019Ambassade.<\/p>\n<p>Cette marque de satisfaction a \u00e9t\u00e9 exprim\u00e9e \u00e0 travers la remise de deux cadeaux symboliques.<\/p>\n","protected":false},"excerpt":{"rendered":"<p>Le vendredi 12 Juillet, une forte d\u00e9l\u00e9gation nig\u00e9riane conduite par l\u2019Ambassadeur du Nig\u00e9ria au S\u00e9n\u00e9gal, Son Excellence Abubakar Salisu Ramat, a effectu\u00e9 une visite d\u2019\u00e9changes dans les locaux de l\u2019ANPEJ. [&hellip;]<\/p>\n","protected":false},"author":2,"featured_media":14303,"comment_status":"open","ping_status":"open","sticky":false,"template":"","format":"standard","meta":{"footnotes":""},"categories":[19],"tags":[],"class_list":["post-14302","post","type-post","status-publish","format-standard","has-post-thumbnail","hentry","category-uncategorized"],"rttpg_featured_image_url":{"full":["https:\/\/anpej.sn\/accueil\/wp-content\/uploads\/2024\/07\/Photo-7-delegation-Nigeria-scaled-1.jpg",2560,1920,false],"landscape":["https:\/\/anpej.sn\/accueil\/wp-content\/uploads\/2024\/07\/Photo-7-delegation-Nigeria-scaled-1.jpg",2560,1920,false],"portraits":["https:\/\/anpej.sn\/accueil\/wp-content\/uploads\/2024\/07\/Photo-7-delegation-Nigeria-scaled-1.jpg",2560,1920,false],"thumbnail":["https:\/\/anpej.sn\/accueil\/wp-content\/uploads\/2024\/07\/Photo-7-delegation-Nigeria-scaled-1-175x175.jpg",175,175,true],"medium":["https:\/\/anpej.sn\/accueil\/wp-content\/uploads\/2024\/07\/Photo-7-delegation-Nigeria-scaled-1-600x540.jpg",600,540,true],"large":["https:\/\/anpej.sn\/accueil\/wp-content\/uploads\/2024\/07\/Photo-7-delegation-Nigeria-scaled-1-1024x768.jpg",900,675,true],"post-thumbnail":["https:\/\/anpej.sn\/accueil\/wp-content\/uploads\/2024\/07\/Photo-7-delegation-Nigeria-scaled-1-550x410.jpg",550,410,true],"consilox_medium":["https:\/\/anpej.sn\/accueil\/wp-content\/uploads\/2024\/07\/Photo-7-delegation-Nigeria-scaled-1-550x580.jpg",550,580,true],"woocommerce_thumbnail":["https:\/\/anpej.sn\/accueil\/wp-content\/uploads\/2024\/07\/Photo-7-delegation-Nigeria-scaled-1-300x300.jpg",300,300,true],"woocommerce_single":["https:\/\/anpej.sn\/accueil\/wp-content\/uploads\/2024\/07\/Photo-7-delegation-Nigeria-scaled-1-600x450.jpg",600,450,true],"woocommerce_gallery_thumbnail":["https:\/\/anpej.sn\/accueil\/wp-content\/uploads\/2024\/07\/Photo-7-delegation-Nigeria-scaled-1-180x180.jpg",180,180,true]},"rttpg_author":{"display_name":"Seynabou DIOUF","author_link":"https:\/\/anpej.sn\/accueil\/author\/seynabou\/"},"rttpg_comment":0,"rttpg_category":"<a href=\"https:\/\/anpej.sn\/accueil\/category\/uncategorized\/\" rel=\"category tag\">Uncategorized<\/a>","rttpg_excerpt":"Le vendredi 12 Juillet, une forte d\u00e9l\u00e9gation nig\u00e9riane conduite par l\u2019Ambassadeur du Nig\u00e9ria au S\u00e9n\u00e9gal, Son Excellence Abubakar Salisu Ramat, a effectu\u00e9 une visite d\u2019\u00e9changes dans les locaux de l\u2019ANPEJ. [&hellip;]","_links":{"self":[{"href":"https:\/\/anpej.sn\/accueil\/wp-json\/wp\/v2\/posts\/14302","targetHints":{"allow":["GET"]}}],"collection":[{"href":"https:\/\/anpej.sn\/accueil\/wp-json\/wp\/v2\/posts"}],"about":[{"href":"https:\/\/anpej.sn\/accueil\/wp-json\/wp\/v2\/types\/post"}],"author":[{"embeddable":true,"href":"https:\/\/anpej.sn\/accueil\/wp-json\/wp\/v2\/users\/2"}],"replies":[{"embeddable":true,"href":"https:\/\/anpej.sn\/accueil\/wp-json\/wp\/v2\/comments?post=14302"}],"version-history":[{"count":0,"href":"https:\/\/anpej.sn\/accueil\/wp-json\/wp\/v2\/posts\/14302\/revisions"}],"wp:featuredmedia":[{"embeddable":true,"href":"https:\/\/anpej.sn\/accueil\/wp-json\/wp\/v2\/media\/14303"}],"wp:attachment":[{"href":"https:\/\/anpej.sn\/accueil\/wp-json\/wp\/v2\/media?parent=14302"}],"wp:term":[{"taxonomy":"category","embeddable":true,"href":"https:\/\/anpej.sn\/accueil\/wp-json\/wp\/v2\/categories?post=14302"},{"taxonomy":"post_tag","embeddable":true,"href":"https:\/\/anpej.sn\/accueil\/wp-json\/wp\/v2\/tags?post=14302"}],"curies":[{"name":"wp","href":"https:\/\/api.w.org\/{rel}","templated":true}]}}