{"id":14344,"date":"2024-07-29T10:43:08","date_gmt":"2024-07-29T10:43:08","guid":{"rendered":"https:\/\/anpej.sn\/accueil\/?p=14344"},"modified":"2024-07-29T10:43:08","modified_gmt":"2024-07-29T10:43:08","slug":"1ere-edition-du-forum-des-opportunites","status":"publish","type":"post","link":"https:\/\/anpej.sn\/accueil\/1ere-edition-du-forum-des-opportunites\/","title":{"rendered":"Vissite de la d\u00e9l\u00e9gation du Conseiller Technique N 1 du Ministre de la Formation professionnelle"},"content":{"rendered":"<div dir=\"auto\">Dans le cadre de l\u2019organisation de la 1ere Edition du Forum des Opportunit\u00e9s pr\u00e9vu du 01 au 03 Ao\u00fbt 2024, une forte d\u00e9l\u00e9gation dirig\u00e9e par de M. Gorgui Massamba BOYE ; Conseiller Technique N 1 du Ministre de la Formation professionnelle et Mme Khadija Mayecor DIOUF ; Maire de la commune de Golf Sud, a \u00e9t\u00e9 re\u00e7ue par la Directrice g\u00e9n\u00e9rale de l\u2019ANPEJ Mme Sinna Amadou GAYE ce 25 Juillet 2024.<\/div>\n<div dir=\"auto\">Apr\u00e8s avoir salu\u00e9 la pertinence de l\u2019initiative, la Directrice g\u00e9n\u00e9rale de l\u2019ANPEJ s\u2019est engag\u00e9e \u00e0 mobiliser tous les dispositifs de l\u2019Agence pour atteindre les objectifs du Forum.<\/div>\n","protected":false},"excerpt":{"rendered":"<p>Dans le cadre de l\u2019organisation de la 1ere Edition du Forum des Opportunit\u00e9s pr\u00e9vu du 01 au 03 Ao\u00fbt 2024, une forte d\u00e9l\u00e9gation dirig\u00e9e par de M. Gorgui Massamba BOYE [&hellip;]<\/p>\n","protected":false},"author":2,"featured_media":14346,"comment_status":"open","ping_status":"open","sticky":false,"template":"","format":"standard","meta":{"footnotes":""},"categories":[19],"tags":[],"class_list":["post-14344","post","type-post","status-publish","format-standard","has-post-thumbnail","hentry","category-uncategorized"],"rttpg_featured_image_url":{"full":["https:\/\/anpej.sn\/accueil\/wp-content\/uploads\/2024\/07\/sinna-khadija2.jpg",1280,698,false],"landscape":["https:\/\/anpej.sn\/accueil\/wp-content\/uploads\/2024\/07\/sinna-khadija2.jpg",1280,698,false],"portraits":["https:\/\/anpej.sn\/accueil\/wp-content\/uploads\/2024\/07\/sinna-khadija2.jpg",1280,698,false],"thumbnail":["https:\/\/anpej.sn\/accueil\/wp-content\/uploads\/2024\/07\/sinna-khadija2-175x175.jpg",175,175,true],"medium":["https:\/\/anpej.sn\/accueil\/wp-content\/uploads\/2024\/07\/sinna-khadija2-600x540.jpg",600,540,true],"large":["https:\/\/anpej.sn\/accueil\/wp-content\/uploads\/2024\/07\/sinna-khadija2-1024x558.jpg",900,490,true],"post-thumbnail":["https:\/\/anpej.sn\/accueil\/wp-content\/uploads\/2024\/07\/sinna-khadija2-550x410.jpg",550,410,true],"consilox_medium":["https:\/\/anpej.sn\/accueil\/wp-content\/uploads\/2024\/07\/sinna-khadija2-550x580.jpg",550,580,true],"woocommerce_thumbnail":["https:\/\/anpej.sn\/accueil\/wp-content\/uploads\/2024\/07\/sinna-khadija2-300x300.jpg",300,300,true],"woocommerce_single":["https:\/\/anpej.sn\/accueil\/wp-content\/uploads\/2024\/07\/sinna-khadija2-600x327.jpg",600,327,true],"woocommerce_gallery_thumbnail":["https:\/\/anpej.sn\/accueil\/wp-content\/uploads\/2024\/07\/sinna-khadija2-180x180.jpg",180,180,true]},"rttpg_author":{"display_name":"Seynabou DIOUF","author_link":"https:\/\/anpej.sn\/accueil\/author\/seynabou\/"},"rttpg_comment":0,"rttpg_category":"<a href=\"https:\/\/anpej.sn\/accueil\/category\/uncategorized\/\" rel=\"category tag\">Uncategorized<\/a>","rttpg_excerpt":"Dans le cadre de l\u2019organisation de la 1ere Edition du Forum des Opportunit\u00e9s pr\u00e9vu du 01 au 03 Ao\u00fbt 2024, une forte d\u00e9l\u00e9gation dirig\u00e9e par de M. Gorgui Massamba BOYE [&hellip;]","_links":{"self":[{"href":"https:\/\/anpej.sn\/accueil\/wp-json\/wp\/v2\/posts\/14344","targetHints":{"allow":["GET"]}}],"collection":[{"href":"https:\/\/anpej.sn\/accueil\/wp-json\/wp\/v2\/posts"}],"about":[{"href":"https:\/\/anpej.sn\/accueil\/wp-json\/wp\/v2\/types\/post"}],"author":[{"embeddable":true,"href":"https:\/\/anpej.sn\/accueil\/wp-json\/wp\/v2\/users\/2"}],"replies":[{"embeddable":true,"href":"https:\/\/anpej.sn\/accueil\/wp-json\/wp\/v2\/comments?post=14344"}],"version-history":[{"count":0,"href":"https:\/\/anpej.sn\/accueil\/wp-json\/wp\/v2\/posts\/14344\/revisions"}],"wp:featuredmedia":[{"embeddable":true,"href":"https:\/\/anpej.sn\/accueil\/wp-json\/wp\/v2\/media\/14346"}],"wp:attachment":[{"href":"https:\/\/anpej.sn\/accueil\/wp-json\/wp\/v2\/media?parent=14344"}],"wp:term":[{"taxonomy":"category","embeddable":true,"href":"https:\/\/anpej.sn\/accueil\/wp-json\/wp\/v2\/categories?post=14344"},{"taxonomy":"post_tag","embeddable":true,"href":"https:\/\/anpej.sn\/accueil\/wp-json\/wp\/v2\/tags?post=14344"}],"curies":[{"name":"wp","href":"https:\/\/api.w.org\/{rel}","templated":true}]}}