{"id":14366,"date":"2024-07-31T13:28:22","date_gmt":"2024-07-31T13:28:22","guid":{"rendered":"https:\/\/anpej.sn\/accueil\/?p=14366"},"modified":"2024-07-31T13:28:22","modified_gmt":"2024-07-31T13:28:22","slug":"semences-ferme-mija-de-sangalkam","status":"publish","type":"post","link":"https:\/\/anpej.sn\/accueil\/semences-ferme-mija-de-sangalkam\/","title":{"rendered":"Semences ferme MIJA de Sangalkam"},"content":{"rendered":"<p>L\u2019antenne r\u00e9gionale de l\u2019ANPEJ de Dakar a proc\u00e9d\u00e9, ce mardi 30 juillet 2024, \u00e0 la r\u00e9ception de semences de ma\u00efs et d\u2019engrais destin\u00e9es \u00e0 la ferme MIJA de Sangalkam. Celle-ci est s\u00e9lectionn\u00e9e pour former les jeunes agripreneurs dans le cadre des vacances agricoles.<\/p>\n<p>Le Programme des vacances agricoles, qui vise \u00e0 mobiliser les jeunes au sein des exploitations agricoles, constitue une initiative patriotique en faveur de la souverainet\u00e9 alimentaire et de la lutte contre le ch\u00f4mage.<\/p>\n<p>La r\u00e9ception a \u00e9t\u00e9 suivie d\u2019une visite des r\u00e9alisations de la ferme MIJA, en pr\u00e9sence des autorit\u00e9s administratives suivantes : le sous-pr\u00e9fet de Sangalkam, le DRDR de Dakar, l\u2019inspecteur d\u00e9partemental de la jeunesse et le coordonnateur technique du p\u00f4le emploi de Rufisque.<\/p>\n","protected":false},"excerpt":{"rendered":"<p>L\u2019antenne r\u00e9gionale de l\u2019ANPEJ de Dakar a proc\u00e9d\u00e9, ce mardi 30 juillet 2024, \u00e0 la r\u00e9ception de semences de ma\u00efs et d\u2019engrais destin\u00e9es \u00e0 la ferme MIJA de Sangalkam. Celle-ci [&hellip;]<\/p>\n","protected":false},"author":2,"featured_media":14367,"comment_status":"open","ping_status":"open","sticky":false,"template":"","format":"standard","meta":{"footnotes":""},"categories":[42],"tags":[],"class_list":["post-14366","post","type-post","status-publish","format-standard","has-post-thumbnail","hentry","category-antenne-dakar"],"rttpg_featured_image_url":{"full":["https:\/\/anpej.sn\/accueil\/wp-content\/uploads\/2024\/07\/Photo-8-Mija.jpg",1080,810,false],"landscape":["https:\/\/anpej.sn\/accueil\/wp-content\/uploads\/2024\/07\/Photo-8-Mija.jpg",1080,810,false],"portraits":["https:\/\/anpej.sn\/accueil\/wp-content\/uploads\/2024\/07\/Photo-8-Mija.jpg",1080,810,false],"thumbnail":["https:\/\/anpej.sn\/accueil\/wp-content\/uploads\/2024\/07\/Photo-8-Mija-175x175.jpg",175,175,true],"medium":["https:\/\/anpej.sn\/accueil\/wp-content\/uploads\/2024\/07\/Photo-8-Mija-600x540.jpg",600,540,true],"large":["https:\/\/anpej.sn\/accueil\/wp-content\/uploads\/2024\/07\/Photo-8-Mija-1024x768.jpg",900,675,true],"post-thumbnail":["https:\/\/anpej.sn\/accueil\/wp-content\/uploads\/2024\/07\/Photo-8-Mija-550x410.jpg",550,410,true],"consilox_medium":["https:\/\/anpej.sn\/accueil\/wp-content\/uploads\/2024\/07\/Photo-8-Mija-550x580.jpg",550,580,true],"woocommerce_thumbnail":["https:\/\/anpej.sn\/accueil\/wp-content\/uploads\/2024\/07\/Photo-8-Mija-300x300.jpg",300,300,true],"woocommerce_single":["https:\/\/anpej.sn\/accueil\/wp-content\/uploads\/2024\/07\/Photo-8-Mija-600x450.jpg",600,450,true],"woocommerce_gallery_thumbnail":["https:\/\/anpej.sn\/accueil\/wp-content\/uploads\/2024\/07\/Photo-8-Mija-180x180.jpg",180,180,true]},"rttpg_author":{"display_name":"Seynabou DIOUF","author_link":"https:\/\/anpej.sn\/accueil\/author\/seynabou\/"},"rttpg_comment":0,"rttpg_category":"<a href=\"https:\/\/anpej.sn\/accueil\/category\/antenne-dakar\/\" rel=\"category tag\">antenne dakar<\/a>","rttpg_excerpt":"L\u2019antenne r\u00e9gionale de l\u2019ANPEJ de Dakar a proc\u00e9d\u00e9, ce mardi 30 juillet 2024, \u00e0 la r\u00e9ception de semences de ma\u00efs et d\u2019engrais destin\u00e9es \u00e0 la ferme MIJA de Sangalkam. Celle-ci [&hellip;]","_links":{"self":[{"href":"https:\/\/anpej.sn\/accueil\/wp-json\/wp\/v2\/posts\/14366","targetHints":{"allow":["GET"]}}],"collection":[{"href":"https:\/\/anpej.sn\/accueil\/wp-json\/wp\/v2\/posts"}],"about":[{"href":"https:\/\/anpej.sn\/accueil\/wp-json\/wp\/v2\/types\/post"}],"author":[{"embeddable":true,"href":"https:\/\/anpej.sn\/accueil\/wp-json\/wp\/v2\/users\/2"}],"replies":[{"embeddable":true,"href":"https:\/\/anpej.sn\/accueil\/wp-json\/wp\/v2\/comments?post=14366"}],"version-history":[{"count":0,"href":"https:\/\/anpej.sn\/accueil\/wp-json\/wp\/v2\/posts\/14366\/revisions"}],"wp:featuredmedia":[{"embeddable":true,"href":"https:\/\/anpej.sn\/accueil\/wp-json\/wp\/v2\/media\/14367"}],"wp:attachment":[{"href":"https:\/\/anpej.sn\/accueil\/wp-json\/wp\/v2\/media?parent=14366"}],"wp:term":[{"taxonomy":"category","embeddable":true,"href":"https:\/\/anpej.sn\/accueil\/wp-json\/wp\/v2\/categories?post=14366"},{"taxonomy":"post_tag","embeddable":true,"href":"https:\/\/anpej.sn\/accueil\/wp-json\/wp\/v2\/tags?post=14366"}],"curies":[{"name":"wp","href":"https:\/\/api.w.org\/{rel}","templated":true}]}}