{"id":14376,"date":"2024-08-05T08:24:34","date_gmt":"2024-08-05T08:24:34","guid":{"rendered":"https:\/\/anpej.sn\/accueil\/?p=14376"},"modified":"2024-08-05T08:24:34","modified_gmt":"2024-08-05T08:24:34","slug":"forum-des-opportunites","status":"publish","type":"post","link":"https:\/\/anpej.sn\/accueil\/forum-des-opportunites\/","title":{"rendered":"Forum des Opportunit\u00e9s"},"content":{"rendered":"<div class=\"x11i5rnm xat24cr x1mh8g0r x1vvkbs xtlvy1s x126k92a\">\n<div dir=\"auto\">Ce vendredi 02 Ao\u00fbt 2024 , l\u2019ANPEJ en tant que partenaire strat\u00e9gique du Forum a pris part \u00e0 la c\u00e9r\u00e9monie officielle pr\u00e9sid\u00e9e par le Ministre de la Formation Professionnelle<\/div>\n<\/div>\n<div class=\"x11i5rnm xat24cr x1mh8g0r x1vvkbs xtlvy1s x126k92a\">\n<div dir=\"auto\">Cet \u00e9v\u00e9nement qui a vu la participation de 1032 visiteurs d\u00e8s le premier jour se veut de mat\u00e9rialiser le continuum Orientation- Formation &#8211; Insertion<\/div>\n<\/div>\n<div class=\"x11i5rnm xat24cr x1mh8g0r x1vvkbs xtlvy1s x126k92a\">\n<div dir=\"auto\">Consciente du fait que la territorialisation des services publics est la seule alternative \u00e0 partir de laquelle l\u2019information sera d\u00e9cloisonn\u00e9e avec une meilleure prise en charge des sp\u00e9cificit\u00e9s de la cible et des potentialit\u00e9s locales , la Directrice g\u00e9n\u00e9rale de l\u2019ANPEJ a d\u00e9ploy\u00e9 ses \u00e9quipes pour :<\/div>\n<\/div>\n<div class=\"x11i5rnm xat24cr x1mh8g0r x1vvkbs xtlvy1s x126k92a\">\n<div dir=\"auto\">Interagir et animer un stand sur toute la dur\u00e9e du forum<\/div>\n<div dir=\"auto\">Animer un panel sur l\u2019insertion des jeunes sur le march\u00e9 de l\u2019emploi<\/div>\n<div dir=\"auto\">Animer des s\u00e9ances de coaching sur :<\/div>\n<div dir=\"auto\">\u2022 Le Projet Personnel et Professionnel<\/div>\n<div dir=\"auto\">\u2022 Les Techniques de Recherche d\u2019Emploi<\/div>\n<div dir=\"auto\">\u2022 La formalisation<\/div>\n<div dir=\"auto\">\u2022 La recherche de Partenaire Technique et Financier<\/div>\n<div dir=\"auto\">\u2022 Le d\u00e9veloppement d\u2019id\u00e9e de projets.<\/div>\n<\/div>\n","protected":false},"excerpt":{"rendered":"<p>Ce vendredi 02 Ao\u00fbt 2024 , l\u2019ANPEJ en tant que partenaire strat\u00e9gique du Forum a pris part \u00e0 la c\u00e9r\u00e9monie officielle pr\u00e9sid\u00e9e par le Ministre de la Formation Professionnelle Cet [&hellip;]<\/p>\n","protected":false},"author":2,"featured_media":14377,"comment_status":"open","ping_status":"open","sticky":false,"template":"","format":"standard","meta":{"footnotes":""},"categories":[19],"tags":[],"class_list":["post-14376","post","type-post","status-publish","format-standard","has-post-thumbnail","hentry","category-uncategorized"],"rttpg_featured_image_url":{"full":["https:\/\/anpej.sn\/accueil\/wp-content\/uploads\/2024\/08\/forum4.jpg",2048,1365,false],"landscape":["https:\/\/anpej.sn\/accueil\/wp-content\/uploads\/2024\/08\/forum4.jpg",2048,1365,false],"portraits":["https:\/\/anpej.sn\/accueil\/wp-content\/uploads\/2024\/08\/forum4.jpg",2048,1365,false],"thumbnail":["https:\/\/anpej.sn\/accueil\/wp-content\/uploads\/2024\/08\/forum4-175x175.jpg",175,175,true],"medium":["https:\/\/anpej.sn\/accueil\/wp-content\/uploads\/2024\/08\/forum4-600x540.jpg",600,540,true],"large":["https:\/\/anpej.sn\/accueil\/wp-content\/uploads\/2024\/08\/forum4-1024x683.jpg",900,600,true],"post-thumbnail":["https:\/\/anpej.sn\/accueil\/wp-content\/uploads\/2024\/08\/forum4-550x410.jpg",550,410,true],"consilox_medium":["https:\/\/anpej.sn\/accueil\/wp-content\/uploads\/2024\/08\/forum4-550x580.jpg",550,580,true],"woocommerce_thumbnail":["https:\/\/anpej.sn\/accueil\/wp-content\/uploads\/2024\/08\/forum4-300x300.jpg",300,300,true],"woocommerce_single":["https:\/\/anpej.sn\/accueil\/wp-content\/uploads\/2024\/08\/forum4-600x400.jpg",600,400,true],"woocommerce_gallery_thumbnail":["https:\/\/anpej.sn\/accueil\/wp-content\/uploads\/2024\/08\/forum4-180x180.jpg",180,180,true]},"rttpg_author":{"display_name":"Seynabou DIOUF","author_link":"https:\/\/anpej.sn\/accueil\/author\/seynabou\/"},"rttpg_comment":0,"rttpg_category":"<a href=\"https:\/\/anpej.sn\/accueil\/category\/uncategorized\/\" rel=\"category tag\">Uncategorized<\/a>","rttpg_excerpt":"Ce vendredi 02 Ao\u00fbt 2024 , l\u2019ANPEJ en tant que partenaire strat\u00e9gique du Forum a pris part \u00e0 la c\u00e9r\u00e9monie officielle pr\u00e9sid\u00e9e par le Ministre de la Formation Professionnelle Cet [&hellip;]","_links":{"self":[{"href":"https:\/\/anpej.sn\/accueil\/wp-json\/wp\/v2\/posts\/14376","targetHints":{"allow":["GET"]}}],"collection":[{"href":"https:\/\/anpej.sn\/accueil\/wp-json\/wp\/v2\/posts"}],"about":[{"href":"https:\/\/anpej.sn\/accueil\/wp-json\/wp\/v2\/types\/post"}],"author":[{"embeddable":true,"href":"https:\/\/anpej.sn\/accueil\/wp-json\/wp\/v2\/users\/2"}],"replies":[{"embeddable":true,"href":"https:\/\/anpej.sn\/accueil\/wp-json\/wp\/v2\/comments?post=14376"}],"version-history":[{"count":0,"href":"https:\/\/anpej.sn\/accueil\/wp-json\/wp\/v2\/posts\/14376\/revisions"}],"wp:featuredmedia":[{"embeddable":true,"href":"https:\/\/anpej.sn\/accueil\/wp-json\/wp\/v2\/media\/14377"}],"wp:attachment":[{"href":"https:\/\/anpej.sn\/accueil\/wp-json\/wp\/v2\/media?parent=14376"}],"wp:term":[{"taxonomy":"category","embeddable":true,"href":"https:\/\/anpej.sn\/accueil\/wp-json\/wp\/v2\/categories?post=14376"},{"taxonomy":"post_tag","embeddable":true,"href":"https:\/\/anpej.sn\/accueil\/wp-json\/wp\/v2\/tags?post=14376"}],"curies":[{"name":"wp","href":"https:\/\/api.w.org\/{rel}","templated":true}]}}