{"id":14386,"date":"2024-08-06T10:43:48","date_gmt":"2024-08-06T10:43:48","guid":{"rendered":"https:\/\/anpej.sn\/accueil\/?p=14386"},"modified":"2024-08-06T10:43:48","modified_gmt":"2024-08-06T10:43:48","slug":"visite-dg-et-sa-delegation-a-la-derfj","status":"publish","type":"post","link":"https:\/\/anpej.sn\/accueil\/visite-dg-et-sa-delegation-a-la-derfj\/","title":{"rendered":"VISITE DG et sa d\u00e9l\u00e9gation  \u00e0 la DERFJ"},"content":{"rendered":"<p>Ce 05 Ao\u00fbt 2024, Mme Sinna Amadou Gaye, Directrice g\u00e9n\u00e9rale de l\u2019ANPEJ et ses collaborateurs ont effectu\u00e9 une visite officielle \u00e0 la DER\/FJ.<\/p>\n<p>Mme le D\u00e9l\u00e9gu\u00e9 g\u00e9n\u00e9ral ; Dr. Aida Mbodji et ses \u00e9quipes ont saisi l\u2019occasion pour aborder les d\u00e9fis relatifs au financement des projets.<\/p>\n<p>Par ailleurs, l\u2019occasion a \u00e9t\u00e9 saisie pour discuter d\u2019axes de partenariat qui permettront de mutualiser les ressources et atteindre les r\u00e9sultats vis\u00e9s par les deux structures.<\/p>\n<p>Le Dr. Aida Mbodj et Mme Sinna Amadou Gaye ont r\u00e9affirm\u00e9 leurs engagements pour r\u00e9pondre au mieux aux besoins des jeunes y compris les marchands ambulants et les migrants.<\/p>\n","protected":false},"excerpt":{"rendered":"<p>Ce 05 Ao\u00fbt 2024, Mme Sinna Amadou Gaye, Directrice g\u00e9n\u00e9rale de l\u2019ANPEJ et ses collaborateurs ont effectu\u00e9 une visite officielle \u00e0 la DER\/FJ. Mme le D\u00e9l\u00e9gu\u00e9 g\u00e9n\u00e9ral ; Dr. Aida [&hellip;]<\/p>\n","protected":false},"author":2,"featured_media":14387,"comment_status":"open","ping_status":"open","sticky":false,"template":"","format":"standard","meta":{"footnotes":""},"categories":[19],"tags":[],"class_list":["post-14386","post","type-post","status-publish","format-standard","has-post-thumbnail","hentry","category-uncategorized"],"rttpg_featured_image_url":{"full":["https:\/\/anpej.sn\/accueil\/wp-content\/uploads\/2024\/08\/derfj8-scaled-1.jpg",2560,1706,false],"landscape":["https:\/\/anpej.sn\/accueil\/wp-content\/uploads\/2024\/08\/derfj8-scaled-1.jpg",2560,1706,false],"portraits":["https:\/\/anpej.sn\/accueil\/wp-content\/uploads\/2024\/08\/derfj8-scaled-1.jpg",2560,1706,false],"thumbnail":["https:\/\/anpej.sn\/accueil\/wp-content\/uploads\/2024\/08\/derfj8-scaled-1-175x175.jpg",175,175,true],"medium":["https:\/\/anpej.sn\/accueil\/wp-content\/uploads\/2024\/08\/derfj8-scaled-1-600x540.jpg",600,540,true],"large":["https:\/\/anpej.sn\/accueil\/wp-content\/uploads\/2024\/08\/derfj8-scaled-1-1024x682.jpg",900,599,true],"post-thumbnail":["https:\/\/anpej.sn\/accueil\/wp-content\/uploads\/2024\/08\/derfj8-scaled-1-550x410.jpg",550,410,true],"consilox_medium":["https:\/\/anpej.sn\/accueil\/wp-content\/uploads\/2024\/08\/derfj8-scaled-1-550x580.jpg",550,580,true],"woocommerce_thumbnail":["https:\/\/anpej.sn\/accueil\/wp-content\/uploads\/2024\/08\/derfj8-scaled-1-300x300.jpg",300,300,true],"woocommerce_single":["https:\/\/anpej.sn\/accueil\/wp-content\/uploads\/2024\/08\/derfj8-scaled-1-600x400.jpg",600,400,true],"woocommerce_gallery_thumbnail":["https:\/\/anpej.sn\/accueil\/wp-content\/uploads\/2024\/08\/derfj8-scaled-1-180x180.jpg",180,180,true]},"rttpg_author":{"display_name":"Seynabou DIOUF","author_link":"https:\/\/anpej.sn\/accueil\/author\/seynabou\/"},"rttpg_comment":1,"rttpg_category":"<a href=\"https:\/\/anpej.sn\/accueil\/category\/uncategorized\/\" rel=\"category tag\">Uncategorized<\/a>","rttpg_excerpt":"Ce 05 Ao\u00fbt 2024, Mme Sinna Amadou Gaye, Directrice g\u00e9n\u00e9rale de l\u2019ANPEJ et ses collaborateurs ont effectu\u00e9 une visite officielle \u00e0 la DER\/FJ. Mme le D\u00e9l\u00e9gu\u00e9 g\u00e9n\u00e9ral ; Dr. Aida [&hellip;]","_links":{"self":[{"href":"https:\/\/anpej.sn\/accueil\/wp-json\/wp\/v2\/posts\/14386","targetHints":{"allow":["GET"]}}],"collection":[{"href":"https:\/\/anpej.sn\/accueil\/wp-json\/wp\/v2\/posts"}],"about":[{"href":"https:\/\/anpej.sn\/accueil\/wp-json\/wp\/v2\/types\/post"}],"author":[{"embeddable":true,"href":"https:\/\/anpej.sn\/accueil\/wp-json\/wp\/v2\/users\/2"}],"replies":[{"embeddable":true,"href":"https:\/\/anpej.sn\/accueil\/wp-json\/wp\/v2\/comments?post=14386"}],"version-history":[{"count":0,"href":"https:\/\/anpej.sn\/accueil\/wp-json\/wp\/v2\/posts\/14386\/revisions"}],"wp:featuredmedia":[{"embeddable":true,"href":"https:\/\/anpej.sn\/accueil\/wp-json\/wp\/v2\/media\/14387"}],"wp:attachment":[{"href":"https:\/\/anpej.sn\/accueil\/wp-json\/wp\/v2\/media?parent=14386"}],"wp:term":[{"taxonomy":"category","embeddable":true,"href":"https:\/\/anpej.sn\/accueil\/wp-json\/wp\/v2\/categories?post=14386"},{"taxonomy":"post_tag","embeddable":true,"href":"https:\/\/anpej.sn\/accueil\/wp-json\/wp\/v2\/tags?post=14386"}],"curies":[{"name":"wp","href":"https:\/\/api.w.org\/{rel}","templated":true}]}}