{"id":14398,"date":"2024-08-08T09:15:41","date_gmt":"2024-08-08T09:15:41","guid":{"rendered":"https:\/\/anpej.sn\/accueil\/?p=14398"},"modified":"2024-08-08T09:15:41","modified_gmt":"2024-08-08T09:15:41","slug":"la-directrice-generale-de-lanpej-a-recu-ce-07-aout-2024-une-delegation-de-long-child-fund-senegal","status":"publish","type":"post","link":"https:\/\/anpej.sn\/accueil\/la-directrice-generale-de-lanpej-a-recu-ce-07-aout-2024-une-delegation-de-long-child-fund-senegal\/","title":{"rendered":"La Directrice g\u00e9n\u00e9rale de l\u2019ANPEJ a re\u00e7u ce 07 Ao\u00fbt 2024 une d\u00e9l\u00e9gation de l\u2019ONG Child Fund S\u00e9n\u00e9gal"},"content":{"rendered":"<div dir=\"auto\">VOICE NOW ! LA VOIX DES JEUNES<\/div>\n<div dir=\"auto\">La Directrice g\u00e9n\u00e9rale de l\u2019ANPEJ, Mme Sinna Amadou GAYE a re\u00e7u ce 07 Ao\u00fbt 2024 une d\u00e9l\u00e9gation de l\u2019ONG Child Fund S\u00e9n\u00e9gal.<\/div>\n<div dir=\"auto\">Entre autres points de discussions, il a \u00e9t\u00e9 abord\u00e9 les questions portant sur :<\/div>\n<div dir=\"auto\">&#8211; le renforcement de l&#8217;employabilit\u00e9 des jeunes cibles \u00e2g\u00e9es de 15 \u00e0 24 ans, par l&#8217;acquisition de comp\u00e9tences de vie (soft skills), \u00e0 travers des sessions de formation sur le leadership, la r\u00e9solution de conflits et les aspects genre.<\/div>\n<div dir=\"auto\">&#8211; le d\u00e9veloppement de l&#8217;Auto-emploi par l&#8217;accompagnement en fonction des besoins et des opportunit\u00e9s au niveau local ainsi que l&#8217;exploitation des fili\u00e8res porteuses dans les zones d&#8217;intervention de Child Fund;<\/div>\n<div dir=\"auto\">Ces deux axes devraient permettre d&#8217;atteindre les objectifs d&#8217;insertion professionnelle pour les jeunes.<\/div>\n<div dir=\"auto\">Le partenariat et la mobilisation de ressources pour le financement de projets et programmes conjoints ont \u00e9t\u00e9 \u00e9galement abord\u00e9s.<\/div>\n","protected":false},"excerpt":{"rendered":"<p>VOICE NOW ! LA VOIX DES JEUNES La Directrice g\u00e9n\u00e9rale de l\u2019ANPEJ, Mme Sinna Amadou GAYE a re\u00e7u ce 07 Ao\u00fbt 2024 une d\u00e9l\u00e9gation de l\u2019ONG Child Fund S\u00e9n\u00e9gal. Entre [&hellip;]<\/p>\n","protected":false},"author":2,"featured_media":14399,"comment_status":"open","ping_status":"open","sticky":false,"template":"","format":"standard","meta":{"footnotes":""},"categories":[19],"tags":[],"class_list":["post-14398","post","type-post","status-publish","format-standard","has-post-thumbnail","hentry","category-uncategorized"],"rttpg_featured_image_url":{"full":["https:\/\/anpej.sn\/accueil\/wp-content\/uploads\/2024\/08\/07.1.jpg",2048,1365,false],"landscape":["https:\/\/anpej.sn\/accueil\/wp-content\/uploads\/2024\/08\/07.1.jpg",2048,1365,false],"portraits":["https:\/\/anpej.sn\/accueil\/wp-content\/uploads\/2024\/08\/07.1.jpg",2048,1365,false],"thumbnail":["https:\/\/anpej.sn\/accueil\/wp-content\/uploads\/2024\/08\/07.1-175x175.jpg",175,175,true],"medium":["https:\/\/anpej.sn\/accueil\/wp-content\/uploads\/2024\/08\/07.1-600x540.jpg",600,540,true],"large":["https:\/\/anpej.sn\/accueil\/wp-content\/uploads\/2024\/08\/07.1-1024x683.jpg",900,600,true],"post-thumbnail":["https:\/\/anpej.sn\/accueil\/wp-content\/uploads\/2024\/08\/07.1-550x410.jpg",550,410,true],"consilox_medium":["https:\/\/anpej.sn\/accueil\/wp-content\/uploads\/2024\/08\/07.1-550x580.jpg",550,580,true],"woocommerce_thumbnail":["https:\/\/anpej.sn\/accueil\/wp-content\/uploads\/2024\/08\/07.1-300x300.jpg",300,300,true],"woocommerce_single":["https:\/\/anpej.sn\/accueil\/wp-content\/uploads\/2024\/08\/07.1-600x400.jpg",600,400,true],"woocommerce_gallery_thumbnail":["https:\/\/anpej.sn\/accueil\/wp-content\/uploads\/2024\/08\/07.1-180x180.jpg",180,180,true]},"rttpg_author":{"display_name":"Seynabou DIOUF","author_link":"https:\/\/anpej.sn\/accueil\/author\/seynabou\/"},"rttpg_comment":0,"rttpg_category":"<a href=\"https:\/\/anpej.sn\/accueil\/category\/uncategorized\/\" rel=\"category tag\">Uncategorized<\/a>","rttpg_excerpt":"VOICE NOW ! LA VOIX DES JEUNES La Directrice g\u00e9n\u00e9rale de l\u2019ANPEJ, Mme Sinna Amadou GAYE a re\u00e7u ce 07 Ao\u00fbt 2024 une d\u00e9l\u00e9gation de l\u2019ONG Child Fund S\u00e9n\u00e9gal. Entre [&hellip;]","_links":{"self":[{"href":"https:\/\/anpej.sn\/accueil\/wp-json\/wp\/v2\/posts\/14398","targetHints":{"allow":["GET"]}}],"collection":[{"href":"https:\/\/anpej.sn\/accueil\/wp-json\/wp\/v2\/posts"}],"about":[{"href":"https:\/\/anpej.sn\/accueil\/wp-json\/wp\/v2\/types\/post"}],"author":[{"embeddable":true,"href":"https:\/\/anpej.sn\/accueil\/wp-json\/wp\/v2\/users\/2"}],"replies":[{"embeddable":true,"href":"https:\/\/anpej.sn\/accueil\/wp-json\/wp\/v2\/comments?post=14398"}],"version-history":[{"count":0,"href":"https:\/\/anpej.sn\/accueil\/wp-json\/wp\/v2\/posts\/14398\/revisions"}],"wp:featuredmedia":[{"embeddable":true,"href":"https:\/\/anpej.sn\/accueil\/wp-json\/wp\/v2\/media\/14399"}],"wp:attachment":[{"href":"https:\/\/anpej.sn\/accueil\/wp-json\/wp\/v2\/media?parent=14398"}],"wp:term":[{"taxonomy":"category","embeddable":true,"href":"https:\/\/anpej.sn\/accueil\/wp-json\/wp\/v2\/categories?post=14398"},{"taxonomy":"post_tag","embeddable":true,"href":"https:\/\/anpej.sn\/accueil\/wp-json\/wp\/v2\/tags?post=14398"}],"curies":[{"name":"wp","href":"https:\/\/api.w.org\/{rel}","templated":true}]}}