{"id":14405,"date":"2024-08-08T15:28:46","date_gmt":"2024-08-08T15:28:46","guid":{"rendered":"https:\/\/anpej.sn\/accueil\/?p=14405"},"modified":"2024-08-08T15:28:46","modified_gmt":"2024-08-08T15:28:46","slug":"visite-de-la-directrice-generale-de-lanpej-au-fond-de-financement-pour-la-formation-professionnelle-et-technique3fpt","status":"publish","type":"post","link":"https:\/\/anpej.sn\/accueil\/visite-de-la-directrice-generale-de-lanpej-au-fond-de-financement-pour-la-formation-professionnelle-et-technique3fpt\/","title":{"rendered":"Visite de la directrice g\u00e9n\u00e9rale de l\u2019ANPEJ au Fond de Financement pour la Formation Professionnelle et Technique(3FPT)"},"content":{"rendered":"<p>Ce 07 Ao\u00fbt 2024, Mme Sinna Amadou GAYE, Directrice g\u00e9n\u00e9rale de l\u2019ANPEJ, accompagn\u00e9e de ses collaborateurs, a effectu\u00e9 une visite au 3FPT (Fond de Financement pour la Formation Professionnelle et Technique).<\/p>\n<p>Le Directeur g\u00e9n\u00e9ra Dr. Babo Amadou BA et ses \u00e9quipes ont saisi l\u2019occasion pour aborder les d\u00e9fis relatifs \u00e0 la formation professionnelle et technique des jeunes.<\/p>\n<p>Les deux structures ont manifest\u00e9 leur volont\u00e9 commune pour une parfaite synergie par une mutualisation des ressources et l&#8217;atteinte des r\u00e9sultats vis\u00e9s.<\/p>\n<p>BA et Mme GAYE ont r\u00e9affirm\u00e9 leurs engagements pour r\u00e9pondre au mieux aux attentes des jeunes.<\/p>\n","protected":false},"excerpt":{"rendered":"<p>Ce 07 Ao\u00fbt 2024, Mme Sinna Amadou GAYE, Directrice g\u00e9n\u00e9rale de l\u2019ANPEJ, accompagn\u00e9e de ses collaborateurs, a effectu\u00e9 une visite au 3FPT (Fond de Financement pour la Formation Professionnelle et [&hellip;]<\/p>\n","protected":false},"author":2,"featured_media":14406,"comment_status":"open","ping_status":"open","sticky":false,"template":"","format":"standard","meta":{"footnotes":""},"categories":[19],"tags":[],"class_list":["post-14405","post","type-post","status-publish","format-standard","has-post-thumbnail","hentry","category-uncategorized"],"rttpg_featured_image_url":{"full":["https:\/\/anpej.sn\/accueil\/wp-content\/uploads\/2024\/08\/3fpt4-scaled-1.jpg",2560,1707,false],"landscape":["https:\/\/anpej.sn\/accueil\/wp-content\/uploads\/2024\/08\/3fpt4-scaled-1.jpg",2560,1707,false],"portraits":["https:\/\/anpej.sn\/accueil\/wp-content\/uploads\/2024\/08\/3fpt4-scaled-1.jpg",2560,1707,false],"thumbnail":["https:\/\/anpej.sn\/accueil\/wp-content\/uploads\/2024\/08\/3fpt4-scaled-1-175x175.jpg",175,175,true],"medium":["https:\/\/anpej.sn\/accueil\/wp-content\/uploads\/2024\/08\/3fpt4-scaled-1-600x540.jpg",600,540,true],"large":["https:\/\/anpej.sn\/accueil\/wp-content\/uploads\/2024\/08\/3fpt4-scaled-1-1024x683.jpg",900,600,true],"post-thumbnail":["https:\/\/anpej.sn\/accueil\/wp-content\/uploads\/2024\/08\/3fpt4-scaled-1-550x410.jpg",550,410,true],"consilox_medium":["https:\/\/anpej.sn\/accueil\/wp-content\/uploads\/2024\/08\/3fpt4-scaled-1-550x580.jpg",550,580,true],"woocommerce_thumbnail":["https:\/\/anpej.sn\/accueil\/wp-content\/uploads\/2024\/08\/3fpt4-scaled-1-300x300.jpg",300,300,true],"woocommerce_single":["https:\/\/anpej.sn\/accueil\/wp-content\/uploads\/2024\/08\/3fpt4-scaled-1-600x400.jpg",600,400,true],"woocommerce_gallery_thumbnail":["https:\/\/anpej.sn\/accueil\/wp-content\/uploads\/2024\/08\/3fpt4-scaled-1-180x180.jpg",180,180,true]},"rttpg_author":{"display_name":"Seynabou DIOUF","author_link":"https:\/\/anpej.sn\/accueil\/author\/seynabou\/"},"rttpg_comment":0,"rttpg_category":"<a href=\"https:\/\/anpej.sn\/accueil\/category\/uncategorized\/\" rel=\"category tag\">Uncategorized<\/a>","rttpg_excerpt":"Ce 07 Ao\u00fbt 2024, Mme Sinna Amadou GAYE, Directrice g\u00e9n\u00e9rale de l\u2019ANPEJ, accompagn\u00e9e de ses collaborateurs, a effectu\u00e9 une visite au 3FPT (Fond de Financement pour la Formation Professionnelle et [&hellip;]","_links":{"self":[{"href":"https:\/\/anpej.sn\/accueil\/wp-json\/wp\/v2\/posts\/14405","targetHints":{"allow":["GET"]}}],"collection":[{"href":"https:\/\/anpej.sn\/accueil\/wp-json\/wp\/v2\/posts"}],"about":[{"href":"https:\/\/anpej.sn\/accueil\/wp-json\/wp\/v2\/types\/post"}],"author":[{"embeddable":true,"href":"https:\/\/anpej.sn\/accueil\/wp-json\/wp\/v2\/users\/2"}],"replies":[{"embeddable":true,"href":"https:\/\/anpej.sn\/accueil\/wp-json\/wp\/v2\/comments?post=14405"}],"version-history":[{"count":0,"href":"https:\/\/anpej.sn\/accueil\/wp-json\/wp\/v2\/posts\/14405\/revisions"}],"wp:featuredmedia":[{"embeddable":true,"href":"https:\/\/anpej.sn\/accueil\/wp-json\/wp\/v2\/media\/14406"}],"wp:attachment":[{"href":"https:\/\/anpej.sn\/accueil\/wp-json\/wp\/v2\/media?parent=14405"}],"wp:term":[{"taxonomy":"category","embeddable":true,"href":"https:\/\/anpej.sn\/accueil\/wp-json\/wp\/v2\/categories?post=14405"},{"taxonomy":"post_tag","embeddable":true,"href":"https:\/\/anpej.sn\/accueil\/wp-json\/wp\/v2\/tags?post=14405"}],"curies":[{"name":"wp","href":"https:\/\/api.w.org\/{rel}","templated":true}]}}