{"id":14425,"date":"2024-08-27T11:40:41","date_gmt":"2024-08-27T11:40:41","guid":{"rendered":"https:\/\/anpej.sn\/accueil\/?p=14425"},"modified":"2024-08-27T11:40:41","modified_gmt":"2024-08-27T11:40:41","slug":"opportunites-dinvestissement-au-senegal-et-perspectives-de-cooperation-entre-les-etats-unis-et-le-senegal","status":"publish","type":"post","link":"https:\/\/anpej.sn\/accueil\/opportunites-dinvestissement-au-senegal-et-perspectives-de-cooperation-entre-les-etats-unis-et-le-senegal\/","title":{"rendered":"Opportunit\u00e9s d&#8217;investissement au S\u00e9n\u00e9gal et perspectives de coop\u00e9ration entre les \u00c9tats-Unis et le S\u00e9n\u00e9gal"},"content":{"rendered":"<div class=\"xdj266r x11i5rnm xat24cr x1mh8g0r x1vvkbs x126k92a\">\n<div dir=\"auto\">Retour sur la semaine \u00ab Afrik Impact Du 10 au 18 Ao\u00fbt 2024, l\u2019ANPEJ a eu le privil\u00e8ge de participer \u00e0 la semaine \u00ab Afrik Impact \u00bb, un \u00e9v\u00e9nement organis\u00e9 par African Leadership Group (ALG), une organisation \u00e0 but non lucratif bas\u00e9e au Colorado.<\/div>\n<\/div>\n<div class=\"x11i5rnm xat24cr x1mh8g0r x1vvkbs xtlvy1s x126k92a\">\n<div dir=\"auto\">Cet \u00e9v\u00e9nement a constitu\u00e9 une plateforme d\u2019\u00e9changes uniques visant \u00e0 renforcer les relations \u00e9conomiques et \u00e0 explorer de nouvelles opportunit\u00e9s d\u2019investissement au S\u00e9n\u00e9gal.<\/div>\n<\/div>\n<div class=\"x11i5rnm xat24cr x1mh8g0r x1vvkbs xtlvy1s x126k92a\">\n<div dir=\"auto\">Au cours de cette semaine, un programme riche en rencontres professionnelles a \u00e9t\u00e9 mis en place, incluant des visites de travail avec le CEO de l\u2019A\u00e9roport international de Denver et des institutions renomm\u00e9es telles que le CU Hospital, le CU Anschutz Campus, le Denver Museum of nature and science, le State Capitol, la mairie et la chambre de commerce de Aurora, le Aurora Water D\u00e9partement, le Solar Technology and Acceleration Center et l\u2019espace agricole Chatfield.<\/div>\n<\/div>\n<div class=\"x11i5rnm xat24cr x1mh8g0r x1vvkbs xtlvy1s x126k92a\">\n<div dir=\"auto\">Ces visites ont permis d\u2019explorer les meilleures pratiques aux \u00c9tats-Unis, avec l\u2019objectif de les adapter et de les appliquer dans le contexte s\u00e9n\u00e9galais.<\/div>\n<div dir=\"auto\">En marge de ces s\u00e9ances de travail, le forum \u00ab Afrik Business Investment \u00bb a \u00e9t\u00e9 un moment fort, durant lequel, la Directrice g\u00e9n\u00e9rale de l\u2019ANPEJ, Mme Sinna Amadou GAYE a anim\u00e9 un panel centr\u00e9 sur les opportunit\u00e9s de recrutement dans le domaine dynamique de la cybers\u00e9curit\u00e9.<\/div>\n<\/div>\n<div class=\"x11i5rnm xat24cr x1mh8g0r x1vvkbs xtlvy1s x126k92a\">\n<div dir=\"auto\">Cette th\u00e9matique souligne l\u2019importance croissante de la s\u00e9curit\u00e9 num\u00e9rique \u00e0 l\u2019\u00e9chelle mondiale et l\u2019opportunit\u00e9 pour le S\u00e9n\u00e9gal de devenir un hub r\u00e9gional dans ce secteur.<\/div>\n<div dir=\"auto\">Lors de cet \u00e9v\u00e9nement, plusieurs tables rondes th\u00e9matiques ont \u00e9galement eu lieu, englobant des secteurs cl\u00e9s tels que l\u2019agriculture, l\u2019aviation, les \u00e9nergies renouvelables, la cybers\u00e9curit\u00e9, et le leadership f\u00e9minin.<\/div>\n<\/div>\n<div class=\"x11i5rnm xat24cr x1mh8g0r x1vvkbs xtlvy1s x126k92a\">\n<div dir=\"auto\">Les \u00e9changes ont ouvert la voie \u00e0 l\u2019\u00e9tablissement de relations professionnelles prometteuses, et ont favoris\u00e9 l\u2019exploration de partenariats en mati\u00e8re de migration circulaire, de formation\/incubation, ainsi que de partage de bonnes pratiques et d\u2019outils de formations en anglais.<\/div>\n<\/div>\n","protected":false},"excerpt":{"rendered":"<p>Retour sur la semaine \u00ab Afrik Impact Du 10 au 18 Ao\u00fbt 2024, l\u2019ANPEJ a eu le privil\u00e8ge de participer \u00e0 la semaine \u00ab Afrik Impact \u00bb, un \u00e9v\u00e9nement organis\u00e9 par African Leadership Group (ALG), <\/p>\n","protected":false},"author":2,"featured_media":14426,"comment_status":"open","ping_status":"open","sticky":false,"template":"","format":"standard","meta":{"footnotes":""},"categories":[19],"tags":[],"class_list":["post-14425","post","type-post","status-publish","format-standard","has-post-thumbnail","hentry","category-uncategorized"],"rttpg_featured_image_url":{"full":["https:\/\/anpej.sn\/accueil\/wp-content\/uploads\/2024\/08\/etat-unis9.jpg",1080,969,false],"landscape":["https:\/\/anpej.sn\/accueil\/wp-content\/uploads\/2024\/08\/etat-unis9.jpg",1080,969,false],"portraits":["https:\/\/anpej.sn\/accueil\/wp-content\/uploads\/2024\/08\/etat-unis9.jpg",1080,969,false],"thumbnail":["https:\/\/anpej.sn\/accueil\/wp-content\/uploads\/2024\/08\/etat-unis9-175x175.jpg",175,175,true],"medium":["https:\/\/anpej.sn\/accueil\/wp-content\/uploads\/2024\/08\/etat-unis9-600x540.jpg",600,540,true],"large":["https:\/\/anpej.sn\/accueil\/wp-content\/uploads\/2024\/08\/etat-unis9-1024x919.jpg",900,808,true],"post-thumbnail":["https:\/\/anpej.sn\/accueil\/wp-content\/uploads\/2024\/08\/etat-unis9-550x410.jpg",550,410,true],"consilox_medium":["https:\/\/anpej.sn\/accueil\/wp-content\/uploads\/2024\/08\/etat-unis9-550x580.jpg",550,580,true],"woocommerce_thumbnail":["https:\/\/anpej.sn\/accueil\/wp-content\/uploads\/2024\/08\/etat-unis9-300x300.jpg",300,300,true],"woocommerce_single":["https:\/\/anpej.sn\/accueil\/wp-content\/uploads\/2024\/08\/etat-unis9-600x538.jpg",600,538,true],"woocommerce_gallery_thumbnail":["https:\/\/anpej.sn\/accueil\/wp-content\/uploads\/2024\/08\/etat-unis9-180x180.jpg",180,180,true]},"rttpg_author":{"display_name":"Seynabou DIOUF","author_link":"https:\/\/anpej.sn\/accueil\/author\/seynabou\/"},"rttpg_comment":0,"rttpg_category":"<a href=\"https:\/\/anpej.sn\/accueil\/category\/uncategorized\/\" rel=\"category tag\">Uncategorized<\/a>","rttpg_excerpt":"Retour sur la semaine \u00ab Afrik Impact Du 10 au 18 Ao\u00fbt 2024, l\u2019ANPEJ a eu le privil\u00e8ge de participer \u00e0 la semaine \u00ab Afrik Impact \u00bb, un \u00e9v\u00e9nement organis\u00e9 par African Leadership Group (ALG),","_links":{"self":[{"href":"https:\/\/anpej.sn\/accueil\/wp-json\/wp\/v2\/posts\/14425","targetHints":{"allow":["GET"]}}],"collection":[{"href":"https:\/\/anpej.sn\/accueil\/wp-json\/wp\/v2\/posts"}],"about":[{"href":"https:\/\/anpej.sn\/accueil\/wp-json\/wp\/v2\/types\/post"}],"author":[{"embeddable":true,"href":"https:\/\/anpej.sn\/accueil\/wp-json\/wp\/v2\/users\/2"}],"replies":[{"embeddable":true,"href":"https:\/\/anpej.sn\/accueil\/wp-json\/wp\/v2\/comments?post=14425"}],"version-history":[{"count":0,"href":"https:\/\/anpej.sn\/accueil\/wp-json\/wp\/v2\/posts\/14425\/revisions"}],"wp:featuredmedia":[{"embeddable":true,"href":"https:\/\/anpej.sn\/accueil\/wp-json\/wp\/v2\/media\/14426"}],"wp:attachment":[{"href":"https:\/\/anpej.sn\/accueil\/wp-json\/wp\/v2\/media?parent=14425"}],"wp:term":[{"taxonomy":"category","embeddable":true,"href":"https:\/\/anpej.sn\/accueil\/wp-json\/wp\/v2\/categories?post=14425"},{"taxonomy":"post_tag","embeddable":true,"href":"https:\/\/anpej.sn\/accueil\/wp-json\/wp\/v2\/tags?post=14425"}],"curies":[{"name":"wp","href":"https:\/\/api.w.org\/{rel}","templated":true}]}}