{"id":14450,"date":"2024-09-02T15:33:33","date_gmt":"2024-09-02T15:33:33","guid":{"rendered":"https:\/\/anpej.sn\/accueil\/?p=14450"},"modified":"2024-09-02T15:33:33","modified_gmt":"2024-09-02T15:33:33","slug":"passation-de-service-entre-le-sg-sortant-de-lanpej-abdoulaye-diatta-et-le-sg-entrant-babacar-wagane-faye","status":"publish","type":"post","link":"https:\/\/anpej.sn\/accueil\/passation-de-service-entre-le-sg-sortant-de-lanpej-abdoulaye-diatta-et-le-sg-entrant-babacar-wagane-faye\/","title":{"rendered":"Passation de Service entre le SG sortant de l&#8217;ANPEJ Abdoulaye Diatta et le SG entrant Babacar Wagane Faye"},"content":{"rendered":"<div dir=\"auto\">Monsieur Abdoulaye DIATTA a pass\u00e9 le t\u00e9moin ce Jeudi 29 Aout 2024 \u00e0 Monsieur Babacar Wagane FAYE d\u00e9sormais nouveau Secr\u00e9taire g\u00e9n\u00e9ral de l\u2019ANPEJ.<\/div>\n<div dir=\"auto\">Une c\u00e9r\u00e9monie sobre et conviviale empreinte de solennit\u00e9 en pr\u00e9sence du Directeur g\u00e9n\u00e9ral, Mme Sinna Aamadou GAYE et du personnel.<\/div>\n<div dir=\"auto\">Le SG sortant a manifest\u00e9 toute sa joie d&#8217;avoir partag\u00e9 des moments exaltants avec ses coll\u00e8gues de l\u2019ANPEJ. Il a remerci\u00e9 tous ceux qui l&#8217;ont soutenu dans sa mission.<\/div>\n<div dir=\"auto\">Le nouveau SG a remerci\u00e9 les plus hautes autorit\u00e9s pour sa nomination et promis de tout mettre en \u0153uvre pour atteindre les objectifs assign\u00e9s. Il a appel\u00e9 ses nouveaux coll\u00e8gues \u00e0 une collaboration fructueuse.<\/div>\n<div dir=\"auto\">L\u2019ANPEJ souhaite plein succ\u00e8s au nouveau SG.<\/div>\n","protected":false},"excerpt":{"rendered":"<p>Monsieur Abdoulaye DIATTA a pass\u00e9 le t\u00e9moin ce Jeudi 29 Aout 2024 \u00e0 Monsieur Babacar Wagane FAYE d\u00e9sormais nouveau Secr\u00e9taire g\u00e9n\u00e9ral de l\u2019ANPEJ. Une c\u00e9r\u00e9monie sobre et conviviale empreinte de [&hellip;]<\/p>\n","protected":false},"author":2,"featured_media":14451,"comment_status":"open","ping_status":"open","sticky":false,"template":"","format":"standard","meta":{"footnotes":""},"categories":[19],"tags":[],"class_list":["post-14450","post","type-post","status-publish","format-standard","has-post-thumbnail","hentry","category-uncategorized"],"rttpg_featured_image_url":{"full":["https:\/\/anpej.sn\/accueil\/wp-content\/uploads\/2024\/09\/sg.jpg",2048,1365,false],"landscape":["https:\/\/anpej.sn\/accueil\/wp-content\/uploads\/2024\/09\/sg.jpg",2048,1365,false],"portraits":["https:\/\/anpej.sn\/accueil\/wp-content\/uploads\/2024\/09\/sg.jpg",2048,1365,false],"thumbnail":["https:\/\/anpej.sn\/accueil\/wp-content\/uploads\/2024\/09\/sg-175x175.jpg",175,175,true],"medium":["https:\/\/anpej.sn\/accueil\/wp-content\/uploads\/2024\/09\/sg-600x540.jpg",600,540,true],"large":["https:\/\/anpej.sn\/accueil\/wp-content\/uploads\/2024\/09\/sg-1024x683.jpg",900,600,true],"post-thumbnail":["https:\/\/anpej.sn\/accueil\/wp-content\/uploads\/2024\/09\/sg-550x410.jpg",550,410,true],"consilox_medium":["https:\/\/anpej.sn\/accueil\/wp-content\/uploads\/2024\/09\/sg-550x580.jpg",550,580,true],"woocommerce_thumbnail":["https:\/\/anpej.sn\/accueil\/wp-content\/uploads\/2024\/09\/sg-300x300.jpg",300,300,true],"woocommerce_single":["https:\/\/anpej.sn\/accueil\/wp-content\/uploads\/2024\/09\/sg-600x400.jpg",600,400,true],"woocommerce_gallery_thumbnail":["https:\/\/anpej.sn\/accueil\/wp-content\/uploads\/2024\/09\/sg-180x180.jpg",180,180,true]},"rttpg_author":{"display_name":"Seynabou DIOUF","author_link":"https:\/\/anpej.sn\/accueil\/author\/seynabou\/"},"rttpg_comment":0,"rttpg_category":"<a href=\"https:\/\/anpej.sn\/accueil\/category\/uncategorized\/\" rel=\"category tag\">Uncategorized<\/a>","rttpg_excerpt":"Monsieur Abdoulaye DIATTA a pass\u00e9 le t\u00e9moin ce Jeudi 29 Aout 2024 \u00e0 Monsieur Babacar Wagane FAYE d\u00e9sormais nouveau Secr\u00e9taire g\u00e9n\u00e9ral de l\u2019ANPEJ. Une c\u00e9r\u00e9monie sobre et conviviale empreinte de [&hellip;]","_links":{"self":[{"href":"https:\/\/anpej.sn\/accueil\/wp-json\/wp\/v2\/posts\/14450","targetHints":{"allow":["GET"]}}],"collection":[{"href":"https:\/\/anpej.sn\/accueil\/wp-json\/wp\/v2\/posts"}],"about":[{"href":"https:\/\/anpej.sn\/accueil\/wp-json\/wp\/v2\/types\/post"}],"author":[{"embeddable":true,"href":"https:\/\/anpej.sn\/accueil\/wp-json\/wp\/v2\/users\/2"}],"replies":[{"embeddable":true,"href":"https:\/\/anpej.sn\/accueil\/wp-json\/wp\/v2\/comments?post=14450"}],"version-history":[{"count":0,"href":"https:\/\/anpej.sn\/accueil\/wp-json\/wp\/v2\/posts\/14450\/revisions"}],"wp:featuredmedia":[{"embeddable":true,"href":"https:\/\/anpej.sn\/accueil\/wp-json\/wp\/v2\/media\/14451"}],"wp:attachment":[{"href":"https:\/\/anpej.sn\/accueil\/wp-json\/wp\/v2\/media?parent=14450"}],"wp:term":[{"taxonomy":"category","embeddable":true,"href":"https:\/\/anpej.sn\/accueil\/wp-json\/wp\/v2\/categories?post=14450"},{"taxonomy":"post_tag","embeddable":true,"href":"https:\/\/anpej.sn\/accueil\/wp-json\/wp\/v2\/tags?post=14450"}],"curies":[{"name":"wp","href":"https:\/\/api.w.org\/{rel}","templated":true}]}}