{"id":14466,"date":"2024-09-03T10:23:50","date_gmt":"2024-09-03T10:23:50","guid":{"rendered":"https:\/\/anpej.sn\/accueil\/?p=14466"},"modified":"2024-09-03T10:23:50","modified_gmt":"2024-09-03T10:23:50","slug":"le-programme-des-vacances-agricoles-pva-un-engagement-national-pour-lagriculture-et-la-jeunesse-2","status":"publish","type":"post","link":"https:\/\/anpej.sn\/accueil\/le-programme-des-vacances-agricoles-pva-un-engagement-national-pour-lagriculture-et-la-jeunesse-2\/","title":{"rendered":"Le Programme des Vacances Agricoles (PVA) : un engagement national pour l\u2019agriculture et la jeunesse"},"content":{"rendered":"<div class=\"x11i5rnm xat24cr x1mh8g0r x1vvkbs xtlvy1s x126k92a\">\n<div dir=\"auto\">L\u2019Antenne R\u00e9gionale de l\u2019ANPEJ, la Direction R\u00e9gionale du D\u00e9veloppement Rural et le Service R\u00e9gional de la Jeunesse de Dakar ont proc\u00e9d\u00e9 ce jeudi 29 aout 2024 au d\u00e9ploiement des 40 b\u00e9n\u00e9ficiaires du PVA \u00e0 la ferme MIJA de l\u2019ANPEJ impl\u00e9ment\u00e9e \u00e0 Sangalkam.<\/div>\n<\/div>\n<div class=\"x11i5rnm xat24cr x1mh8g0r x1vvkbs xtlvy1s x126k92a\">\n<div dir=\"auto\">Le PVA, initi\u00e9 par le Minist\u00e8re de la Jeunesse, des Sports et de la Culture, en partenariat avec le Minist\u00e8re en charge de l&#8217;Agriculture, de la Souverainet\u00e9 alimentaire et de l&#8217;\u00c9levage, est une initiative nationale majeure visant \u00e0 mobiliser les jeunes autour du secteur agricole<\/div>\n<div dir=\"auto\">Le programme vise \u00e0 :<\/div>\n<div dir=\"auto\">\u2022 Renforcer l&#8217;employabilit\u00e9 des jeunes,<\/div>\n<div dir=\"auto\">\u2022 Encourager l&#8217;entrepreneuriat agricole,<\/div>\n<div dir=\"auto\">\u2022 Promouvoir la citoyennet\u00e9 et l&#8217;engagement volontaire.<\/div>\n<div dir=\"auto\">Le PVA est bien plus qu&#8217;une simple initiative de formation. C&#8217;est un v\u00e9ritable projet de soci\u00e9t\u00e9 qui ambitionne de transformer le regard des jeunes sur l&#8217;agriculture et de les inciter \u00e0 s&#8217;investir dans un secteur porteur de nombreuses opportunit\u00e9s. Par cette mobilisation nationale, le S\u00e9n\u00e9gal pose les bases d&#8217;un d\u00e9veloppement agricole durable, tout en offrant \u00e0 sa jeunesse les moyens de devenir des acteurs cl\u00e9s du futur \u00e9conomique du pays<\/div>\n<\/div>\n","protected":false},"excerpt":{"rendered":"<p>L\u2019Antenne R\u00e9gionale de l\u2019ANPEJ, la Direction R\u00e9gionale du D\u00e9veloppement Rural et le Service R\u00e9gional de la Jeunesse de Dakar ont proc\u00e9d\u00e9 ce jeudi 29 aout 2024 au d\u00e9ploiement des 40 [&hellip;]<\/p>\n","protected":false},"author":2,"featured_media":14461,"comment_status":"open","ping_status":"open","sticky":false,"template":"","format":"standard","meta":{"footnotes":""},"categories":[19],"tags":[],"class_list":["post-14466","post","type-post","status-publish","format-standard","has-post-thumbnail","hentry","category-uncategorized"],"rttpg_featured_image_url":{"full":["https:\/\/anpej.sn\/accueil\/wp-content\/uploads\/2024\/09\/2e8e52de-cbf5-478f-b618-67c52c35ec13-Copie.jpg",810,1080,false],"landscape":["https:\/\/anpej.sn\/accueil\/wp-content\/uploads\/2024\/09\/2e8e52de-cbf5-478f-b618-67c52c35ec13-Copie.jpg",810,1080,false],"portraits":["https:\/\/anpej.sn\/accueil\/wp-content\/uploads\/2024\/09\/2e8e52de-cbf5-478f-b618-67c52c35ec13-Copie.jpg",810,1080,false],"thumbnail":["https:\/\/anpej.sn\/accueil\/wp-content\/uploads\/2024\/09\/2e8e52de-cbf5-478f-b618-67c52c35ec13-Copie-175x175.jpg",175,175,true],"medium":["https:\/\/anpej.sn\/accueil\/wp-content\/uploads\/2024\/09\/2e8e52de-cbf5-478f-b618-67c52c35ec13-Copie-600x540.jpg",600,540,true],"large":["https:\/\/anpej.sn\/accueil\/wp-content\/uploads\/2024\/09\/2e8e52de-cbf5-478f-b618-67c52c35ec13-Copie-768x1024.jpg",768,1024,true],"post-thumbnail":["https:\/\/anpej.sn\/accueil\/wp-content\/uploads\/2024\/09\/2e8e52de-cbf5-478f-b618-67c52c35ec13-Copie-550x410.jpg",550,410,true],"consilox_medium":["https:\/\/anpej.sn\/accueil\/wp-content\/uploads\/2024\/09\/2e8e52de-cbf5-478f-b618-67c52c35ec13-Copie-550x580.jpg",550,580,true],"woocommerce_thumbnail":["https:\/\/anpej.sn\/accueil\/wp-content\/uploads\/2024\/09\/2e8e52de-cbf5-478f-b618-67c52c35ec13-Copie-300x300.jpg",300,300,true],"woocommerce_single":["https:\/\/anpej.sn\/accueil\/wp-content\/uploads\/2024\/09\/2e8e52de-cbf5-478f-b618-67c52c35ec13-Copie-600x800.jpg",600,800,true],"woocommerce_gallery_thumbnail":["https:\/\/anpej.sn\/accueil\/wp-content\/uploads\/2024\/09\/2e8e52de-cbf5-478f-b618-67c52c35ec13-Copie-180x180.jpg",180,180,true]},"rttpg_author":{"display_name":"Seynabou DIOUF","author_link":"https:\/\/anpej.sn\/accueil\/author\/seynabou\/"},"rttpg_comment":1,"rttpg_category":"<a href=\"https:\/\/anpej.sn\/accueil\/category\/uncategorized\/\" rel=\"category tag\">Uncategorized<\/a>","rttpg_excerpt":"L\u2019Antenne R\u00e9gionale de l\u2019ANPEJ, la Direction R\u00e9gionale du D\u00e9veloppement Rural et le Service R\u00e9gional de la Jeunesse de Dakar ont proc\u00e9d\u00e9 ce jeudi 29 aout 2024 au d\u00e9ploiement des 40 [&hellip;]","_links":{"self":[{"href":"https:\/\/anpej.sn\/accueil\/wp-json\/wp\/v2\/posts\/14466","targetHints":{"allow":["GET"]}}],"collection":[{"href":"https:\/\/anpej.sn\/accueil\/wp-json\/wp\/v2\/posts"}],"about":[{"href":"https:\/\/anpej.sn\/accueil\/wp-json\/wp\/v2\/types\/post"}],"author":[{"embeddable":true,"href":"https:\/\/anpej.sn\/accueil\/wp-json\/wp\/v2\/users\/2"}],"replies":[{"embeddable":true,"href":"https:\/\/anpej.sn\/accueil\/wp-json\/wp\/v2\/comments?post=14466"}],"version-history":[{"count":0,"href":"https:\/\/anpej.sn\/accueil\/wp-json\/wp\/v2\/posts\/14466\/revisions"}],"wp:featuredmedia":[{"embeddable":true,"href":"https:\/\/anpej.sn\/accueil\/wp-json\/wp\/v2\/media\/14461"}],"wp:attachment":[{"href":"https:\/\/anpej.sn\/accueil\/wp-json\/wp\/v2\/media?parent=14466"}],"wp:term":[{"taxonomy":"category","embeddable":true,"href":"https:\/\/anpej.sn\/accueil\/wp-json\/wp\/v2\/categories?post=14466"},{"taxonomy":"post_tag","embeddable":true,"href":"https:\/\/anpej.sn\/accueil\/wp-json\/wp\/v2\/tags?post=14466"}],"curies":[{"name":"wp","href":"https:\/\/api.w.org\/{rel}","templated":true}]}}