{"id":14482,"date":"2024-09-04T15:17:48","date_gmt":"2024-09-04T15:17:48","guid":{"rendered":"https:\/\/anpej.sn\/accueil\/?p=14482"},"modified":"2024-10-16T19:05:53","modified_gmt":"2024-10-16T17:05:53","slug":"la-directrice-generale-de-lanpej-et-ses-collaborateurs-ont-recu-le-directeur-general-de-lagence-nationale-pour-lemploi-techghil-de-la-mauritanie","status":"publish","type":"post","link":"https:\/\/anpej.sn\/accueil\/la-directrice-generale-de-lanpej-et-ses-collaborateurs-ont-recu-le-directeur-general-de-lagence-nationale-pour-lemploi-techghil-de-la-mauritanie\/","title":{"rendered":"La Directrice g\u00e9n\u00e9rale de l\u2019ANPEJ et ses collaborateurs ont re\u00e7u le Directeur g\u00e9n\u00e9ral de  (TECHGHIL) de la Mauritanie"},"content":{"rendered":"<div class=\"xdj266r x11i5rnm xat24cr x1mh8g0r x1vvkbs x126k92a\">\n<div dir=\"auto\">Du 2 au 3 Septembre, la Directrice g\u00e9n\u00e9rale de l\u2019ANPEJ, Mme Sinna Amadou GAYE et ses collaborateurs ont re\u00e7u le Directeur g\u00e9n\u00e9ral de l\u2019Agence Nationale pour l\u2019Emploi (TECHGHIL) de la Mauritanie <span class=\"html-span xexx8yu x4uap5 x18d9i69 xkhd6sd x1hl2dhg x16tdsg8 x1vvkbs x3nfvp2 x1j61x8r x1fcty0u xdj266r xat24cr xgzva0m xhhsvwb xxymvpz xlup9mm x1kky2od\"><img decoding=\"async\" class=\"xz74otr\" src=\"https:\/\/static.xx.fbcdn.net\/images\/emoji.php\/v9\/ta3\/1\/16\/1f1f2_1f1f7.png\" alt=\"&#x1f1f2;&#x1f1f7;\" width=\"16\" height=\"16\" \/><\/span> M Abdel FATTA accompagn\u00e9 de M Mohamed El VIL Directeur de l\u2019auto-emploi .<\/div>\n<\/div>\n<div class=\"x11i5rnm xat24cr x1mh8g0r x1vvkbs xtlvy1s x126k92a\">\n<div dir=\"auto\">Dans une dynamique d\u2019int\u00e9gration africaine, les deux structures ont manifest\u00e9 leur volont\u00e9 de partager de bonnes pratiques de fa\u00e7on \u00e0 redynamiser les processus d\u2019insertion des jeunes dans le milieu socioprofessionnel dans les deux pays respectifs<\/div>\n<\/div>\n","protected":false},"excerpt":{"rendered":"<p>Du 2 au 3 Septembre, la Directrice g\u00e9n\u00e9rale de l\u2019ANPEJ, Mme Sinna Amadou GAYE et ses collaborateurs ont re\u00e7u le Directeur g\u00e9n\u00e9ral de l\u2019Agence Nationale pour l\u2019Emploi (TECHGHIL) de la [&hellip;]<\/p>\n","protected":false},"author":2,"featured_media":14483,"comment_status":"open","ping_status":"open","sticky":false,"template":"","format":"standard","meta":{"footnotes":""},"categories":[19],"tags":[],"class_list":["post-14482","post","type-post","status-publish","format-standard","has-post-thumbnail","hentry","category-uncategorized"],"rttpg_featured_image_url":{"full":["https:\/\/anpej.sn\/accueil\/wp-content\/uploads\/2024\/09\/TECHGHIL2.jpg",1279,701,false],"landscape":["https:\/\/anpej.sn\/accueil\/wp-content\/uploads\/2024\/09\/TECHGHIL2.jpg",1279,701,false],"portraits":["https:\/\/anpej.sn\/accueil\/wp-content\/uploads\/2024\/09\/TECHGHIL2.jpg",1279,701,false],"thumbnail":["https:\/\/anpej.sn\/accueil\/wp-content\/uploads\/2024\/09\/TECHGHIL2-175x175.jpg",175,175,true],"medium":["https:\/\/anpej.sn\/accueil\/wp-content\/uploads\/2024\/09\/TECHGHIL2-600x540.jpg",600,540,true],"large":["https:\/\/anpej.sn\/accueil\/wp-content\/uploads\/2024\/09\/TECHGHIL2-1024x561.jpg",900,493,true],"post-thumbnail":["https:\/\/anpej.sn\/accueil\/wp-content\/uploads\/2024\/09\/TECHGHIL2-550x410.jpg",550,410,true],"consilox_medium":["https:\/\/anpej.sn\/accueil\/wp-content\/uploads\/2024\/09\/TECHGHIL2-550x580.jpg",550,580,true],"woocommerce_thumbnail":["https:\/\/anpej.sn\/accueil\/wp-content\/uploads\/2024\/09\/TECHGHIL2-300x300.jpg",300,300,true],"woocommerce_single":["https:\/\/anpej.sn\/accueil\/wp-content\/uploads\/2024\/09\/TECHGHIL2-600x329.jpg",600,329,true],"woocommerce_gallery_thumbnail":["https:\/\/anpej.sn\/accueil\/wp-content\/uploads\/2024\/09\/TECHGHIL2-180x180.jpg",180,180,true]},"rttpg_author":{"display_name":"Seynabou DIOUF","author_link":"https:\/\/anpej.sn\/accueil\/author\/seynabou\/"},"rttpg_comment":2,"rttpg_category":"<a href=\"https:\/\/anpej.sn\/accueil\/category\/uncategorized\/\" rel=\"category tag\">Uncategorized<\/a>","rttpg_excerpt":"Du 2 au 3 Septembre, la Directrice g\u00e9n\u00e9rale de l\u2019ANPEJ, Mme Sinna Amadou GAYE et ses collaborateurs ont re\u00e7u le Directeur g\u00e9n\u00e9ral de l\u2019Agence Nationale pour l\u2019Emploi (TECHGHIL) de la [&hellip;]","_links":{"self":[{"href":"https:\/\/anpej.sn\/accueil\/wp-json\/wp\/v2\/posts\/14482","targetHints":{"allow":["GET"]}}],"collection":[{"href":"https:\/\/anpej.sn\/accueil\/wp-json\/wp\/v2\/posts"}],"about":[{"href":"https:\/\/anpej.sn\/accueil\/wp-json\/wp\/v2\/types\/post"}],"author":[{"embeddable":true,"href":"https:\/\/anpej.sn\/accueil\/wp-json\/wp\/v2\/users\/2"}],"replies":[{"embeddable":true,"href":"https:\/\/anpej.sn\/accueil\/wp-json\/wp\/v2\/comments?post=14482"}],"version-history":[{"count":1,"href":"https:\/\/anpej.sn\/accueil\/wp-json\/wp\/v2\/posts\/14482\/revisions"}],"predecessor-version":[{"id":15357,"href":"https:\/\/anpej.sn\/accueil\/wp-json\/wp\/v2\/posts\/14482\/revisions\/15357"}],"wp:featuredmedia":[{"embeddable":true,"href":"https:\/\/anpej.sn\/accueil\/wp-json\/wp\/v2\/media\/14483"}],"wp:attachment":[{"href":"https:\/\/anpej.sn\/accueil\/wp-json\/wp\/v2\/media?parent=14482"}],"wp:term":[{"taxonomy":"category","embeddable":true,"href":"https:\/\/anpej.sn\/accueil\/wp-json\/wp\/v2\/categories?post=14482"},{"taxonomy":"post_tag","embeddable":true,"href":"https:\/\/anpej.sn\/accueil\/wp-json\/wp\/v2\/tags?post=14482"}],"curies":[{"name":"wp","href":"https:\/\/api.w.org\/{rel}","templated":true}]}}