{"id":14500,"date":"2024-09-11T13:25:13","date_gmt":"2024-09-11T13:25:13","guid":{"rendered":"https:\/\/anpej.sn\/accueil\/?p=14500"},"modified":"2024-09-11T13:25:13","modified_gmt":"2024-09-11T13:25:13","slug":"formation-sur-les-metiers-du-numerique-au-pole-emploi-entrepreneuriat","status":"publish","type":"post","link":"https:\/\/anpej.sn\/accueil\/formation-sur-les-metiers-du-numerique-au-pole-emploi-entrepreneuriat\/","title":{"rendered":"Formation sur les M\u00e9tiers du Num\u00e9rique au Pole Emploi Entrepreneuriat de Fatick"},"content":{"rendered":"<div dir=\"auto\">S\u2019orienter vers les formations et les m\u00e9tiers du num\u00e9rique.<\/div>\n<div dir=\"auto\">Consciente du fait que le num\u00e9rique est un levier puissant de transformation sociale et environnementale ; l\u2019ANPEJ, \u00e0 travers son antenne r\u00e9gionale centre (Diourbel -Fatick) vient de cl\u00f4turer une formation sur les m\u00e9tiers du num\u00e9rique.<\/div>\n<div dir=\"auto\">Cette session de formation, organis\u00e9e du 02 au 06 Septembre 2024 au P\u00f4le Emploi Entreprenariat de Fatick a permis de renforcer l\u2019employabilit\u00e9 des 25 jeunes issus de la localit\u00e9.<\/div>\n","protected":false},"excerpt":{"rendered":"<p>S\u2019orienter vers les formations et les m\u00e9tiers du num\u00e9rique. Consciente du fait que le num\u00e9rique est un levier puissant de transformation sociale et environnementale ; l\u2019ANPEJ, \u00e0 travers son antenne [&hellip;]<\/p>\n","protected":false},"author":2,"featured_media":14501,"comment_status":"open","ping_status":"open","sticky":false,"template":"","format":"standard","meta":{"footnotes":""},"categories":[19],"tags":[],"class_list":["post-14500","post","type-post","status-publish","format-standard","has-post-thumbnail","hentry","category-uncategorized"],"rttpg_featured_image_url":{"full":["https:\/\/anpej.sn\/accueil\/wp-content\/uploads\/2024\/09\/formation2.jpeg",1280,832,false],"landscape":["https:\/\/anpej.sn\/accueil\/wp-content\/uploads\/2024\/09\/formation2.jpeg",1280,832,false],"portraits":["https:\/\/anpej.sn\/accueil\/wp-content\/uploads\/2024\/09\/formation2.jpeg",1280,832,false],"thumbnail":["https:\/\/anpej.sn\/accueil\/wp-content\/uploads\/2024\/09\/formation2-175x175.jpeg",175,175,true],"medium":["https:\/\/anpej.sn\/accueil\/wp-content\/uploads\/2024\/09\/formation2-600x540.jpeg",600,540,true],"large":["https:\/\/anpej.sn\/accueil\/wp-content\/uploads\/2024\/09\/formation2-1024x666.jpeg",900,585,true],"post-thumbnail":["https:\/\/anpej.sn\/accueil\/wp-content\/uploads\/2024\/09\/formation2-550x410.jpeg",550,410,true],"consilox_medium":["https:\/\/anpej.sn\/accueil\/wp-content\/uploads\/2024\/09\/formation2-550x580.jpeg",550,580,true],"woocommerce_thumbnail":["https:\/\/anpej.sn\/accueil\/wp-content\/uploads\/2024\/09\/formation2-300x300.jpeg",300,300,true],"woocommerce_single":["https:\/\/anpej.sn\/accueil\/wp-content\/uploads\/2024\/09\/formation2-600x390.jpeg",600,390,true],"woocommerce_gallery_thumbnail":["https:\/\/anpej.sn\/accueil\/wp-content\/uploads\/2024\/09\/formation2-180x180.jpeg",180,180,true]},"rttpg_author":{"display_name":"Seynabou DIOUF","author_link":"https:\/\/anpej.sn\/accueil\/author\/seynabou\/"},"rttpg_comment":0,"rttpg_category":"<a href=\"https:\/\/anpej.sn\/accueil\/category\/uncategorized\/\" rel=\"category tag\">Uncategorized<\/a>","rttpg_excerpt":"S\u2019orienter vers les formations et les m\u00e9tiers du num\u00e9rique. Consciente du fait que le num\u00e9rique est un levier puissant de transformation sociale et environnementale ; l\u2019ANPEJ, \u00e0 travers son antenne [&hellip;]","_links":{"self":[{"href":"https:\/\/anpej.sn\/accueil\/wp-json\/wp\/v2\/posts\/14500","targetHints":{"allow":["GET"]}}],"collection":[{"href":"https:\/\/anpej.sn\/accueil\/wp-json\/wp\/v2\/posts"}],"about":[{"href":"https:\/\/anpej.sn\/accueil\/wp-json\/wp\/v2\/types\/post"}],"author":[{"embeddable":true,"href":"https:\/\/anpej.sn\/accueil\/wp-json\/wp\/v2\/users\/2"}],"replies":[{"embeddable":true,"href":"https:\/\/anpej.sn\/accueil\/wp-json\/wp\/v2\/comments?post=14500"}],"version-history":[{"count":0,"href":"https:\/\/anpej.sn\/accueil\/wp-json\/wp\/v2\/posts\/14500\/revisions"}],"wp:featuredmedia":[{"embeddable":true,"href":"https:\/\/anpej.sn\/accueil\/wp-json\/wp\/v2\/media\/14501"}],"wp:attachment":[{"href":"https:\/\/anpej.sn\/accueil\/wp-json\/wp\/v2\/media?parent=14500"}],"wp:term":[{"taxonomy":"category","embeddable":true,"href":"https:\/\/anpej.sn\/accueil\/wp-json\/wp\/v2\/categories?post=14500"},{"taxonomy":"post_tag","embeddable":true,"href":"https:\/\/anpej.sn\/accueil\/wp-json\/wp\/v2\/tags?post=14500"}],"curies":[{"name":"wp","href":"https:\/\/api.w.org\/{rel}","templated":true}]}}