{"id":15711,"date":"2024-10-17T10:15:26","date_gmt":"2024-10-17T08:15:26","guid":{"rendered":"https:\/\/anpej.sn\/acceuil\/?p=15711"},"modified":"2024-11-06T11:14:12","modified_gmt":"2024-11-06T10:14:12","slug":"master_class_sur_l_emploi_des_jeunes_au_senegal","status":"publish","type":"post","link":"https:\/\/anpej.sn\/accueil\/master_class_sur_l_emploi_des_jeunes_au_senegal\/","title":{"rendered":"MASTER CLASS SUR L&#8217;EMPLOI DES JEUNES AU S\u00c9N\u00c9GAL"},"content":{"rendered":"\n<p>Le S\u00e9n\u00e9gal fait face \u00e0 des d\u00e9fis importants en mati\u00e8re d\u2019emploi des jeunes avec un taux de ch\u00f4mage \u00e9lev\u00e9 et des in\u00e9galit\u00e9s d\u2019acc\u00e8s \u00e0 l\u2019emploi. \u00c0 cet effet, ce Master class vise \u00e0 r\u00e9unir des acteurs cl\u00e9s, dont La FOUINE, pour discuter des solutions innovantes et des initiatives concr\u00e8tes.<\/p>\n\n\n\n<p>Cette activit\u00e9 de grande envergure aura lieu le 22 novembre 2024 en pr\u00e9lude du concert de l\u2019artiste pr\u00e9vu le 23 novembre dans le cadre de sa tourn\u00e9e africaine \u00e0 destination de la jeunesse.<\/p>\n\n\n\n<p>ANPEJ et SRC events se chargent du recrutement et de la formation de 30 H\u00f4tesses d\u2019accueil et de 20 agents de s\u00e9curit\u00e9<\/p>\n","protected":false},"excerpt":{"rendered":"<p>Le S\u00e9n\u00e9gal fait face \u00e0 des d\u00e9fis importants en mati\u00e8re d\u2019emploi des jeunes avec un taux de ch\u00f4mage \u00e9lev\u00e9 et des in\u00e9galit\u00e9s d\u2019acc\u00e8s \u00e0 l\u2019emploi. \u00c0 cet effet, ce Master [&hellip;]<\/p>\n","protected":false},"author":1,"featured_media":15712,"comment_status":"closed","ping_status":"closed","sticky":false,"template":"","format":"standard","meta":{"footnotes":""},"categories":[1],"tags":[],"class_list":["post-15711","post","type-post","status-publish","format-standard","has-post-thumbnail","hentry","category-non-classe"],"rttpg_featured_image_url":{"full":["https:\/\/anpej.sn\/accueil\/wp-content\/uploads\/2024\/11\/463390516_867484402241586_9158631236921199610_n.jpg",1279,1600,false],"landscape":["https:\/\/anpej.sn\/accueil\/wp-content\/uploads\/2024\/11\/463390516_867484402241586_9158631236921199610_n.jpg",1279,1600,false],"portraits":["https:\/\/anpej.sn\/accueil\/wp-content\/uploads\/2024\/11\/463390516_867484402241586_9158631236921199610_n.jpg",1279,1600,false],"thumbnail":["https:\/\/anpej.sn\/accueil\/wp-content\/uploads\/2024\/11\/463390516_867484402241586_9158631236921199610_n-175x175.jpg",175,175,true],"medium":["https:\/\/anpej.sn\/accueil\/wp-content\/uploads\/2024\/11\/463390516_867484402241586_9158631236921199610_n-600x540.jpg",600,540,true],"large":["https:\/\/anpej.sn\/accueil\/wp-content\/uploads\/2024\/11\/463390516_867484402241586_9158631236921199610_n-819x1024.jpg",819,1024,true],"post-thumbnail":["https:\/\/anpej.sn\/accueil\/wp-content\/uploads\/2024\/11\/463390516_867484402241586_9158631236921199610_n-550x410.jpg",550,410,true],"consilox_medium":["https:\/\/anpej.sn\/accueil\/wp-content\/uploads\/2024\/11\/463390516_867484402241586_9158631236921199610_n-550x580.jpg",550,580,true],"woocommerce_thumbnail":["https:\/\/anpej.sn\/accueil\/wp-content\/uploads\/2024\/11\/463390516_867484402241586_9158631236921199610_n-300x300.jpg",300,300,true],"woocommerce_single":["https:\/\/anpej.sn\/accueil\/wp-content\/uploads\/2024\/11\/463390516_867484402241586_9158631236921199610_n-600x751.jpg",600,751,true],"woocommerce_gallery_thumbnail":["https:\/\/anpej.sn\/accueil\/wp-content\/uploads\/2024\/11\/463390516_867484402241586_9158631236921199610_n-180x180.jpg",180,180,true]},"rttpg_author":{"display_name":"admin","author_link":"https:\/\/anpej.sn\/accueil\/author\/admin\/"},"rttpg_comment":0,"rttpg_category":"<a href=\"https:\/\/anpej.sn\/accueil\/category\/non-classe\/\" rel=\"category tag\">Non class\u00e9<\/a>","rttpg_excerpt":"Le S\u00e9n\u00e9gal fait face \u00e0 des d\u00e9fis importants en mati\u00e8re d\u2019emploi des jeunes avec un taux de ch\u00f4mage \u00e9lev\u00e9 et des in\u00e9galit\u00e9s d\u2019acc\u00e8s \u00e0 l\u2019emploi. \u00c0 cet effet, ce Master [&hellip;]","_links":{"self":[{"href":"https:\/\/anpej.sn\/accueil\/wp-json\/wp\/v2\/posts\/15711","targetHints":{"allow":["GET"]}}],"collection":[{"href":"https:\/\/anpej.sn\/accueil\/wp-json\/wp\/v2\/posts"}],"about":[{"href":"https:\/\/anpej.sn\/accueil\/wp-json\/wp\/v2\/types\/post"}],"author":[{"embeddable":true,"href":"https:\/\/anpej.sn\/accueil\/wp-json\/wp\/v2\/users\/1"}],"replies":[{"embeddable":true,"href":"https:\/\/anpej.sn\/accueil\/wp-json\/wp\/v2\/comments?post=15711"}],"version-history":[{"count":2,"href":"https:\/\/anpej.sn\/accueil\/wp-json\/wp\/v2\/posts\/15711\/revisions"}],"predecessor-version":[{"id":15714,"href":"https:\/\/anpej.sn\/accueil\/wp-json\/wp\/v2\/posts\/15711\/revisions\/15714"}],"wp:featuredmedia":[{"embeddable":true,"href":"https:\/\/anpej.sn\/accueil\/wp-json\/wp\/v2\/media\/15712"}],"wp:attachment":[{"href":"https:\/\/anpej.sn\/accueil\/wp-json\/wp\/v2\/media?parent=15711"}],"wp:term":[{"taxonomy":"category","embeddable":true,"href":"https:\/\/anpej.sn\/accueil\/wp-json\/wp\/v2\/categories?post=15711"},{"taxonomy":"post_tag","embeddable":true,"href":"https:\/\/anpej.sn\/accueil\/wp-json\/wp\/v2\/tags?post=15711"}],"curies":[{"name":"wp","href":"https:\/\/api.w.org\/{rel}","templated":true}]}}