{"id":15715,"date":"2024-09-27T11:17:13","date_gmt":"2024-09-27T09:17:13","guid":{"rendered":"https:\/\/anpej.sn\/acceuil\/?p=15715"},"modified":"2024-11-06T11:21:37","modified_gmt":"2024-11-06T10:21:37","slug":"passation-de-service-pcs","status":"publish","type":"post","link":"https:\/\/anpej.sn\/accueil\/passation-de-service-pcs\/","title":{"rendered":"PASSATION DE SERVICE PCS"},"content":{"rendered":"\n<p>Monsieur Cheikh Tidiane Diouf a pass\u00e9 le t\u00e9moin ce lundi 23 septembre 2024 \u00e0 Monsieur M\u00e9dou Man\u00e9 Diop d\u00e9sormais nouveau pr\u00e9sident du conseil de surveillance (PCS) de&nbsp;<a href=\"https:\/\/www.facebook.com\/hashtag\/anpej?__eep__=6&amp;__cft__%5b0%5d=AZUoUZ1Q6rwtxoQDSh8dlZkgzKuHCojQC0eq_hJ0j3VISVFN4ZP-cpFQym5xXh1iqiLMAHAR2rq3nT6Z2iFVa9lgjcJQp9y-PFFwx4Cz1WEFIdN6jHMSxWJqvJaspfocayHmfPGN_Lwtz7k9ztsljEW1gx9B8Qoh1mU6RXqBRiBDra1dBkSI11NjSjWiZL9q2JU&amp;__tn__=*NK-R\"><strong>#ANPEJ<\/strong><\/a>.<\/p>\n\n\n\n<p>Une c\u00e9r\u00e9monie sobre et conviviale empreinte de solennit\u00e9 en pr\u00e9sence du Directeur g\u00e9n\u00e9ral, Mme Sinna Aamadou GAYE et du personnel.<\/p>\n\n\n\n<p>Le PCS sortant M Diouf a manifest\u00e9 toute sa joie d\u2019avoir partag\u00e9 des moments exaltants avec ses coll\u00e8gues de&nbsp;<a href=\"https:\/\/www.facebook.com\/hashtag\/anpej?__eep__=6&amp;__cft__%5b0%5d=AZUoUZ1Q6rwtxoQDSh8dlZkgzKuHCojQC0eq_hJ0j3VISVFN4ZP-cpFQym5xXh1iqiLMAHAR2rq3nT6Z2iFVa9lgjcJQp9y-PFFwx4Cz1WEFIdN6jHMSxWJqvJaspfocayHmfPGN_Lwtz7k9ztsljEW1gx9B8Qoh1mU6RXqBRiBDra1dBkSI11NjSjWiZL9q2JU&amp;__tn__=*NK-R\"><strong>#ANPEJ<\/strong><\/a>. Il a remerci\u00e9 tous ceux qui l\u2019ont soutenu dans sa mission.<\/p>\n\n\n\n<p>Le nouveau PCS a remerci\u00e9 la plus haute autorit\u00e9 pour sa nomination et a promis de tout mettre en \u0153uvre pour atteindre les objectifs assign\u00e9s.<\/p>\n\n\n\n<p><a href=\"https:\/\/www.facebook.com\/hashtag\/anpej?__eep__=6&amp;__cft__%5b0%5d=AZUoUZ1Q6rwtxoQDSh8dlZkgzKuHCojQC0eq_hJ0j3VISVFN4ZP-cpFQym5xXh1iqiLMAHAR2rq3nT6Z2iFVa9lgjcJQp9y-PFFwx4Cz1WEFIdN6jHMSxWJqvJaspfocayHmfPGN_Lwtz7k9ztsljEW1gx9B8Qoh1mU6RXqBRiBDra1dBkSI11NjSjWiZL9q2JU&amp;__tn__=*NK-R\"><strong>#ANPEJ<\/strong><\/a>&nbsp;souhaite plein succ\u00e8s au nouveau PCS<\/p>\n","protected":false},"excerpt":{"rendered":"<p>Monsieur Cheikh Tidiane Diouf a pass\u00e9 le t\u00e9moin ce lundi 23 septembre 2024 \u00e0 Monsieur M\u00e9dou Man\u00e9 Diop d\u00e9sormais nouveau pr\u00e9sident du conseil de surveillance (PCS) de&nbsp;#ANPEJ. Une c\u00e9r\u00e9monie sobre [&hellip;]<\/p>\n","protected":false},"author":1,"featured_media":15716,"comment_status":"closed","ping_status":"closed","sticky":false,"template":"","format":"standard","meta":{"footnotes":""},"categories":[1],"tags":[],"class_list":["post-15715","post","type-post","status-publish","format-standard","has-post-thumbnail","hentry","category-non-classe"],"rttpg_featured_image_url":{"full":["https:\/\/anpej.sn\/accueil\/wp-content\/uploads\/2024\/11\/passation-pcs.jpeg",1280,852,false],"landscape":["https:\/\/anpej.sn\/accueil\/wp-content\/uploads\/2024\/11\/passation-pcs.jpeg",1280,852,false],"portraits":["https:\/\/anpej.sn\/accueil\/wp-content\/uploads\/2024\/11\/passation-pcs.jpeg",1280,852,false],"thumbnail":["https:\/\/anpej.sn\/accueil\/wp-content\/uploads\/2024\/11\/passation-pcs-175x175.jpeg",175,175,true],"medium":["https:\/\/anpej.sn\/accueil\/wp-content\/uploads\/2024\/11\/passation-pcs-600x540.jpeg",600,540,true],"large":["https:\/\/anpej.sn\/accueil\/wp-content\/uploads\/2024\/11\/passation-pcs-1024x682.jpeg",900,599,true],"post-thumbnail":["https:\/\/anpej.sn\/accueil\/wp-content\/uploads\/2024\/11\/passation-pcs-550x410.jpeg",550,410,true],"consilox_medium":["https:\/\/anpej.sn\/accueil\/wp-content\/uploads\/2024\/11\/passation-pcs-550x580.jpeg",550,580,true],"woocommerce_thumbnail":["https:\/\/anpej.sn\/accueil\/wp-content\/uploads\/2024\/11\/passation-pcs-300x300.jpeg",300,300,true],"woocommerce_single":["https:\/\/anpej.sn\/accueil\/wp-content\/uploads\/2024\/11\/passation-pcs-600x399.jpeg",600,399,true],"woocommerce_gallery_thumbnail":["https:\/\/anpej.sn\/accueil\/wp-content\/uploads\/2024\/11\/passation-pcs-180x180.jpeg",180,180,true]},"rttpg_author":{"display_name":"admin","author_link":"https:\/\/anpej.sn\/accueil\/author\/admin\/"},"rttpg_comment":0,"rttpg_category":"<a href=\"https:\/\/anpej.sn\/accueil\/category\/non-classe\/\" rel=\"category tag\">Non class\u00e9<\/a>","rttpg_excerpt":"Monsieur Cheikh Tidiane Diouf a pass\u00e9 le t\u00e9moin ce lundi 23 septembre 2024 \u00e0 Monsieur M\u00e9dou Man\u00e9 Diop d\u00e9sormais nouveau pr\u00e9sident du conseil de surveillance (PCS) de&nbsp;#ANPEJ. Une c\u00e9r\u00e9monie sobre [&hellip;]","_links":{"self":[{"href":"https:\/\/anpej.sn\/accueil\/wp-json\/wp\/v2\/posts\/15715","targetHints":{"allow":["GET"]}}],"collection":[{"href":"https:\/\/anpej.sn\/accueil\/wp-json\/wp\/v2\/posts"}],"about":[{"href":"https:\/\/anpej.sn\/accueil\/wp-json\/wp\/v2\/types\/post"}],"author":[{"embeddable":true,"href":"https:\/\/anpej.sn\/accueil\/wp-json\/wp\/v2\/users\/1"}],"replies":[{"embeddable":true,"href":"https:\/\/anpej.sn\/accueil\/wp-json\/wp\/v2\/comments?post=15715"}],"version-history":[{"count":1,"href":"https:\/\/anpej.sn\/accueil\/wp-json\/wp\/v2\/posts\/15715\/revisions"}],"predecessor-version":[{"id":15717,"href":"https:\/\/anpej.sn\/accueil\/wp-json\/wp\/v2\/posts\/15715\/revisions\/15717"}],"wp:featuredmedia":[{"embeddable":true,"href":"https:\/\/anpej.sn\/accueil\/wp-json\/wp\/v2\/media\/15716"}],"wp:attachment":[{"href":"https:\/\/anpej.sn\/accueil\/wp-json\/wp\/v2\/media?parent=15715"}],"wp:term":[{"taxonomy":"category","embeddable":true,"href":"https:\/\/anpej.sn\/accueil\/wp-json\/wp\/v2\/categories?post=15715"},{"taxonomy":"post_tag","embeddable":true,"href":"https:\/\/anpej.sn\/accueil\/wp-json\/wp\/v2\/tags?post=15715"}],"curies":[{"name":"wp","href":"https:\/\/api.w.org\/{rel}","templated":true}]}}