{"id":15730,"date":"2024-11-07T09:14:16","date_gmt":"2024-11-07T08:14:16","guid":{"rendered":"https:\/\/anpej.sn\/acceuil\/?p=15730"},"modified":"2024-11-22T14:19:55","modified_gmt":"2024-11-22T13:19:55","slug":"4e-forum-international-sur-lentrepreneuriat","status":"publish","type":"post","link":"https:\/\/anpej.sn\/accueil\/4e-forum-international-sur-lentrepreneuriat\/","title":{"rendered":"4e Forum international sur l\u2019entrepreneuriat"},"content":{"rendered":"\n<p>A l&#8217;occasion du 4e Forum international sur l\u2019entrepreneuriat, organis\u00e9 par la D\u00e9l\u00e9gation g\u00e9n\u00e9rale du Qu\u00e9bec \u00e0 Dakar, du 05 au 06 Novembre 2024 au Radisson, l\u2019ANPEJ a pris part \u00e0 la c\u00e9r\u00e9monie officielle pr\u00e9sid\u00e9e par le Ministre de l\u2019Agriculture du S\u00e9n\u00e9gal, Dr. Mabouba DIAGNE et le D\u00e9l\u00e9gu\u00e9 g\u00e9n\u00e9ral du Qu\u00e9bec \u00e0 Dakar, M Iya TOURE.<br>Dans ce m\u00eame cadre, la Responsable du P\u00f4le Formation et Insertion de l\u2019ANPEJ, Mme Ndeye Mbeugou KA, a particip\u00e9, ce 06 Novembre, \u00e0 l&#8217;animation du panel de la CONFEMEN, sur le th\u00e8me : \u00ab \u00c9ducation, formation professionnelle et employabilit\u00e9. Leviers pour former \u00e0 l\u2019innovation, l\u2019entrepreneuriat et d\u00e9velopper le capital humain dans l\u2019espace francophone \u00bb?<br>Un moment de communication pour :<br>\u2022 s\u2019interroger sur les liens \u00e9tablis entre l\u2019 \u00e9ducation, la formation et l\u2019employabilit\u00e9 dans l\u2019espace francophone ;<br>\u2022 identifier les leviers de renforcement de l\u2019entrepreneuriat et de l\u2019employabilit\u00e9 des jeunes ;<br>\u2022 recueillir les bonnes pratiques identifi\u00e9es dans les pays francophones, dans le domaine de l\u2019entrepreneuriat et la cr\u00e9ativit\u00e9 \u00e0 l\u2019\u00e9cole et dans les autres lieux d\u2019apprentissage, comme facilitateurs d\u2019employabilit\u00e9.<\/p>\n","protected":false},"excerpt":{"rendered":"<p>A l&#8217;occasion du 4e Forum international sur l\u2019entrepreneuriat, organis\u00e9 par la D\u00e9l\u00e9gation g\u00e9n\u00e9rale du Qu\u00e9bec \u00e0 Dakar, du 05 au 06 Novembre 2024 au Radisson, l\u2019ANPEJ a pris part \u00e0 [&hellip;]<\/p>\n","protected":false},"author":1,"featured_media":15731,"comment_status":"closed","ping_status":"closed","sticky":false,"template":"","format":"standard","meta":{"footnotes":""},"categories":[41],"tags":[],"class_list":["post-15730","post","type-post","status-publish","format-standard","has-post-thumbnail","hentry","category-actualite"],"rttpg_featured_image_url":{"full":["https:\/\/anpej.sn\/accueil\/wp-content\/uploads\/2024\/11\/465709819_961957882633131_7023142536475820067_n.jpg",2048,1365,false],"landscape":["https:\/\/anpej.sn\/accueil\/wp-content\/uploads\/2024\/11\/465709819_961957882633131_7023142536475820067_n.jpg",2048,1365,false],"portraits":["https:\/\/anpej.sn\/accueil\/wp-content\/uploads\/2024\/11\/465709819_961957882633131_7023142536475820067_n.jpg",2048,1365,false],"thumbnail":["https:\/\/anpej.sn\/accueil\/wp-content\/uploads\/2024\/11\/465709819_961957882633131_7023142536475820067_n-175x175.jpg",175,175,true],"medium":["https:\/\/anpej.sn\/accueil\/wp-content\/uploads\/2024\/11\/465709819_961957882633131_7023142536475820067_n-600x540.jpg",600,540,true],"large":["https:\/\/anpej.sn\/accueil\/wp-content\/uploads\/2024\/11\/465709819_961957882633131_7023142536475820067_n-1024x683.jpg",900,600,true],"post-thumbnail":["https:\/\/anpej.sn\/accueil\/wp-content\/uploads\/2024\/11\/465709819_961957882633131_7023142536475820067_n-550x410.jpg",550,410,true],"consilox_medium":["https:\/\/anpej.sn\/accueil\/wp-content\/uploads\/2024\/11\/465709819_961957882633131_7023142536475820067_n-550x580.jpg",550,580,true],"woocommerce_thumbnail":["https:\/\/anpej.sn\/accueil\/wp-content\/uploads\/2024\/11\/465709819_961957882633131_7023142536475820067_n-300x300.jpg",300,300,true],"woocommerce_single":["https:\/\/anpej.sn\/accueil\/wp-content\/uploads\/2024\/11\/465709819_961957882633131_7023142536475820067_n-600x400.jpg",600,400,true],"woocommerce_gallery_thumbnail":["https:\/\/anpej.sn\/accueil\/wp-content\/uploads\/2024\/11\/465709819_961957882633131_7023142536475820067_n-180x180.jpg",180,180,true]},"rttpg_author":{"display_name":"admin","author_link":"https:\/\/anpej.sn\/accueil\/author\/admin\/"},"rttpg_comment":0,"rttpg_category":"<a href=\"https:\/\/anpej.sn\/accueil\/category\/actualite\/\" rel=\"category tag\">actualit\u00e9<\/a>","rttpg_excerpt":"A l&#8217;occasion du 4e Forum international sur l\u2019entrepreneuriat, organis\u00e9 par la D\u00e9l\u00e9gation g\u00e9n\u00e9rale du Qu\u00e9bec \u00e0 Dakar, du 05 au 06 Novembre 2024 au Radisson, l\u2019ANPEJ a pris part \u00e0 [&hellip;]","_links":{"self":[{"href":"https:\/\/anpej.sn\/accueil\/wp-json\/wp\/v2\/posts\/15730","targetHints":{"allow":["GET"]}}],"collection":[{"href":"https:\/\/anpej.sn\/accueil\/wp-json\/wp\/v2\/posts"}],"about":[{"href":"https:\/\/anpej.sn\/accueil\/wp-json\/wp\/v2\/types\/post"}],"author":[{"embeddable":true,"href":"https:\/\/anpej.sn\/accueil\/wp-json\/wp\/v2\/users\/1"}],"replies":[{"embeddable":true,"href":"https:\/\/anpej.sn\/accueil\/wp-json\/wp\/v2\/comments?post=15730"}],"version-history":[{"count":1,"href":"https:\/\/anpej.sn\/accueil\/wp-json\/wp\/v2\/posts\/15730\/revisions"}],"predecessor-version":[{"id":15732,"href":"https:\/\/anpej.sn\/accueil\/wp-json\/wp\/v2\/posts\/15730\/revisions\/15732"}],"wp:featuredmedia":[{"embeddable":true,"href":"https:\/\/anpej.sn\/accueil\/wp-json\/wp\/v2\/media\/15731"}],"wp:attachment":[{"href":"https:\/\/anpej.sn\/accueil\/wp-json\/wp\/v2\/media?parent=15730"}],"wp:term":[{"taxonomy":"category","embeddable":true,"href":"https:\/\/anpej.sn\/accueil\/wp-json\/wp\/v2\/categories?post=15730"},{"taxonomy":"post_tag","embeddable":true,"href":"https:\/\/anpej.sn\/accueil\/wp-json\/wp\/v2\/tags?post=15730"}],"curies":[{"name":"wp","href":"https:\/\/api.w.org\/{rel}","templated":true}]}}