{"id":16443,"date":"2024-12-13T14:18:47","date_gmt":"2024-12-13T13:18:47","guid":{"rendered":"https:\/\/anpej.sn\/accueil\/?p=16443"},"modified":"2025-01-30T14:25:11","modified_gmt":"2025-01-30T13:25:11","slug":"forum-sur-les-opportunites-dinvestissements","status":"publish","type":"post","link":"https:\/\/anpej.sn\/accueil\/forum-sur-les-opportunites-dinvestissements\/","title":{"rendered":"Forum sur les opportunit\u00e9s d&#8217;investissements"},"content":{"rendered":"\n<p>Le S\u00e9n\u00e9gal est un pays riche en opportunit\u00e9s et en ressources, mais il fait face \u00e0 d&#8217;importants d\u00e9fis structurels, notamment le ch\u00f4mage \u00e9lev\u00e9 des jeunes, l\u2019inad\u00e9quation entre la formation et les besoins du march\u00e9 du travail, ainsi que la n\u00e9cessit\u00e9 de moderniser ses infrastructures et son administration.<\/p>\n\n\n\n<p>C\u2019est dans ce contexte qu\u2019une mission d\u2019investisseurs venus du Colorado (USA), en partenariat avec ANPEJ et APIX ont organis\u00e9 un business forum au S\u00e9n\u00e9gal pour discuter des <a><\/a>opportunit\u00e9s d\u2019investissement et de cr\u00e9ation d\u2019emplois pour les jeunes.<\/p>\n\n\n\n<p>Sur le pr\u00e9sidium de ce forum \u00e9taient pr\u00e9sents : M. Pape Dia, Directeur de l\u2019ONG African Leadership Group (ALG), la Directrice g\u00e9n\u00e9rale de l\u2019ANPEJ , Mme Sinna Amadou Gaye, le Directeur g\u00e9n\u00e9ral de l\u2019APIX, M. Bacary Sega Bathily, et le Directeur du Th\u00e9\u00e2tre national Daniel Sorano.<\/p>\n\n\n\n<p>Les points de discussions portaient essentiellement sur les secteurs de l\u2019aviation, de la cyber s\u00e9curit\u00e9, de l\u2019agriculture, de la culture , de la sant\u00e9, entre autres.<\/p>\n\n\n\n<p>La Directrice g\u00e9n\u00e9rale de l\u2019ANPEJ a tenu \u00e0 rappeler que le Partenariat Public Priv\u00e9 au service de l\u2019emploi des jeunes reste une alternative qui permettra de relever des d\u00e9fis et d\u2019accompagner les ambitions de l\u2019Agenda 2050.<\/p>\n","protected":false},"excerpt":{"rendered":"<p>Le S\u00e9n\u00e9gal est un pays riche en opportunit\u00e9s et en ressources, mais il fait face \u00e0 d&#8217;importants d\u00e9fis structurels, notamment le ch\u00f4mage \u00e9lev\u00e9 des jeunes, l\u2019inad\u00e9quation entre la formation et [&hellip;]<\/p>\n","protected":false},"author":1,"featured_media":16444,"comment_status":"closed","ping_status":"closed","sticky":false,"template":"","format":"standard","meta":{"footnotes":""},"categories":[19],"tags":[],"class_list":["post-16443","post","type-post","status-publish","format-standard","has-post-thumbnail","hentry","category-uncategorized"],"rttpg_featured_image_url":{"full":["https:\/\/anpej.sn\/accueil\/wp-content\/uploads\/2025\/01\/470181611_906485571674802_1422600056253068296_n.jpg",2048,1276,false],"landscape":["https:\/\/anpej.sn\/accueil\/wp-content\/uploads\/2025\/01\/470181611_906485571674802_1422600056253068296_n.jpg",2048,1276,false],"portraits":["https:\/\/anpej.sn\/accueil\/wp-content\/uploads\/2025\/01\/470181611_906485571674802_1422600056253068296_n.jpg",2048,1276,false],"thumbnail":["https:\/\/anpej.sn\/accueil\/wp-content\/uploads\/2025\/01\/470181611_906485571674802_1422600056253068296_n-175x175.jpg",175,175,true],"medium":["https:\/\/anpej.sn\/accueil\/wp-content\/uploads\/2025\/01\/470181611_906485571674802_1422600056253068296_n-600x540.jpg",600,540,true],"large":["https:\/\/anpej.sn\/accueil\/wp-content\/uploads\/2025\/01\/470181611_906485571674802_1422600056253068296_n-1024x638.jpg",900,561,true],"post-thumbnail":["https:\/\/anpej.sn\/accueil\/wp-content\/uploads\/2025\/01\/470181611_906485571674802_1422600056253068296_n-550x410.jpg",550,410,true],"consilox_medium":["https:\/\/anpej.sn\/accueil\/wp-content\/uploads\/2025\/01\/470181611_906485571674802_1422600056253068296_n-550x580.jpg",550,580,true],"woocommerce_thumbnail":["https:\/\/anpej.sn\/accueil\/wp-content\/uploads\/2025\/01\/470181611_906485571674802_1422600056253068296_n-300x300.jpg",300,300,true],"woocommerce_single":["https:\/\/anpej.sn\/accueil\/wp-content\/uploads\/2025\/01\/470181611_906485571674802_1422600056253068296_n-600x374.jpg",600,374,true],"woocommerce_gallery_thumbnail":["https:\/\/anpej.sn\/accueil\/wp-content\/uploads\/2025\/01\/470181611_906485571674802_1422600056253068296_n-180x180.jpg",180,180,true]},"rttpg_author":{"display_name":"admin","author_link":"https:\/\/anpej.sn\/accueil\/author\/admin\/"},"rttpg_comment":0,"rttpg_category":"<a href=\"https:\/\/anpej.sn\/accueil\/category\/uncategorized\/\" rel=\"category tag\">Uncategorized<\/a>","rttpg_excerpt":"Le S\u00e9n\u00e9gal est un pays riche en opportunit\u00e9s et en ressources, mais il fait face \u00e0 d&#8217;importants d\u00e9fis structurels, notamment le ch\u00f4mage \u00e9lev\u00e9 des jeunes, l\u2019inad\u00e9quation entre la formation et [&hellip;]","_links":{"self":[{"href":"https:\/\/anpej.sn\/accueil\/wp-json\/wp\/v2\/posts\/16443","targetHints":{"allow":["GET"]}}],"collection":[{"href":"https:\/\/anpej.sn\/accueil\/wp-json\/wp\/v2\/posts"}],"about":[{"href":"https:\/\/anpej.sn\/accueil\/wp-json\/wp\/v2\/types\/post"}],"author":[{"embeddable":true,"href":"https:\/\/anpej.sn\/accueil\/wp-json\/wp\/v2\/users\/1"}],"replies":[{"embeddable":true,"href":"https:\/\/anpej.sn\/accueil\/wp-json\/wp\/v2\/comments?post=16443"}],"version-history":[{"count":1,"href":"https:\/\/anpej.sn\/accueil\/wp-json\/wp\/v2\/posts\/16443\/revisions"}],"predecessor-version":[{"id":16445,"href":"https:\/\/anpej.sn\/accueil\/wp-json\/wp\/v2\/posts\/16443\/revisions\/16445"}],"wp:featuredmedia":[{"embeddable":true,"href":"https:\/\/anpej.sn\/accueil\/wp-json\/wp\/v2\/media\/16444"}],"wp:attachment":[{"href":"https:\/\/anpej.sn\/accueil\/wp-json\/wp\/v2\/media?parent=16443"}],"wp:term":[{"taxonomy":"category","embeddable":true,"href":"https:\/\/anpej.sn\/accueil\/wp-json\/wp\/v2\/categories?post=16443"},{"taxonomy":"post_tag","embeddable":true,"href":"https:\/\/anpej.sn\/accueil\/wp-json\/wp\/v2\/tags?post=16443"}],"curies":[{"name":"wp","href":"https:\/\/api.w.org\/{rel}","templated":true}]}}