{"id":16446,"date":"2025-01-30T14:34:46","date_gmt":"2025-01-30T13:34:46","guid":{"rendered":"https:\/\/anpej.sn\/accueil\/?p=16446"},"modified":"2025-01-30T14:40:11","modified_gmt":"2025-01-30T13:40:11","slug":"rencontre-entre-lanpej-et-dgpsn","status":"publish","type":"post","link":"https:\/\/anpej.sn\/accueil\/rencontre-entre-lanpej-et-dgpsn\/","title":{"rendered":"Rencontre entre L&#8217;ANPEJ et la (DGPSN)"},"content":{"rendered":"\n<p>Ce vendredi 24 janvier 2025, l\u2019Agence Nationale pour la Promotion de l\u2019Emploi des Jeunes (ANPEJ) et la D\u00e9l\u00e9gation G\u00e9n\u00e9rale \u00e0 la Protection Sociale et \u00e0 la Solidarit\u00e9 Nationale (DGPSN) se sont r\u00e9unies afin de renforcer leur collaboration dans l\u2019objectif de r\u00e9duire le ch\u00f4mage des jeunes et de lutter contre les in\u00e9galit\u00e9s sociales, tant en milieu urbain qu\u2019en milieu rural.<\/p>\n\n\n\n<p>Ces deux axes strat\u00e9giques occupent une place centrale dans le r\u00e9f\u00e9rentiel des politiques publiques \u00ab <a><\/a>S\u00e9n\u00e9gal 2050 \u00bb, en particulier dans son axe 2 intitul\u00e9 \u00ab Capital humain de qualit\u00e9 et \u00c9quit\u00e9 sociale \u00bb.<\/p>\n\n\n\n<p>Les discussions fructueuses ont permis d\u2019identifier plusieurs domaines de partenariat, notamment :<\/p>\n\n\n\n<p>\u2022 L\u2019identification des jeunes issus des m\u00e9nages d\u00e9favoris\u00e9s ;<\/p>\n\n\n\n<p>\u2022 La formulation et la mise en oeuvre de projets d\u2019insertion professionnelle pour sortir les m\u00e9nages cibl\u00e9s de la pauvret\u00e9 ;<\/p>\n\n\n\n<p>\u2022 La mobilisation de partenaires pour financer les projets et programmes communs.<\/p>\n\n\n\n<p>Cette collaboration illustre la volont\u00e9 des deux structures de concr\u00e9tiser les orientations des politiques publiques en mutualisant leurs efforts pour \u00e9radiquer le ch\u00f4mage des jeunes et r\u00e9duire les in\u00e9galit\u00e9s sociales<\/p>\n","protected":false},"excerpt":{"rendered":"<p>Ce vendredi 24 janvier 2025, l\u2019Agence Nationale pour la Promotion de l\u2019Emploi des Jeunes (ANPEJ) et la D\u00e9l\u00e9gation G\u00e9n\u00e9rale \u00e0 la Protection Sociale et \u00e0 la Solidarit\u00e9 Nationale (DGPSN) se [&hellip;]<\/p>\n","protected":false},"author":1,"featured_media":16450,"comment_status":"closed","ping_status":"closed","sticky":false,"template":"","format":"standard","meta":{"footnotes":""},"categories":[41],"tags":[],"class_list":["post-16446","post","type-post","status-publish","format-standard","has-post-thumbnail","hentry","category-actualite"],"rttpg_featured_image_url":{"full":["https:\/\/anpej.sn\/accueil\/wp-content\/uploads\/2025\/01\/475336716_937040371952655_8434745956592842467_n.jpg",1280,960,false],"landscape":["https:\/\/anpej.sn\/accueil\/wp-content\/uploads\/2025\/01\/475336716_937040371952655_8434745956592842467_n.jpg",1280,960,false],"portraits":["https:\/\/anpej.sn\/accueil\/wp-content\/uploads\/2025\/01\/475336716_937040371952655_8434745956592842467_n.jpg",1280,960,false],"thumbnail":["https:\/\/anpej.sn\/accueil\/wp-content\/uploads\/2025\/01\/475336716_937040371952655_8434745956592842467_n-175x175.jpg",175,175,true],"medium":["https:\/\/anpej.sn\/accueil\/wp-content\/uploads\/2025\/01\/475336716_937040371952655_8434745956592842467_n-600x540.jpg",600,540,true],"large":["https:\/\/anpej.sn\/accueil\/wp-content\/uploads\/2025\/01\/475336716_937040371952655_8434745956592842467_n-1024x768.jpg",900,675,true],"post-thumbnail":["https:\/\/anpej.sn\/accueil\/wp-content\/uploads\/2025\/01\/475336716_937040371952655_8434745956592842467_n-550x410.jpg",550,410,true],"consilox_medium":["https:\/\/anpej.sn\/accueil\/wp-content\/uploads\/2025\/01\/475336716_937040371952655_8434745956592842467_n-550x580.jpg",550,580,true],"woocommerce_thumbnail":["https:\/\/anpej.sn\/accueil\/wp-content\/uploads\/2025\/01\/475336716_937040371952655_8434745956592842467_n-300x300.jpg",300,300,true],"woocommerce_single":["https:\/\/anpej.sn\/accueil\/wp-content\/uploads\/2025\/01\/475336716_937040371952655_8434745956592842467_n-600x450.jpg",600,450,true],"woocommerce_gallery_thumbnail":["https:\/\/anpej.sn\/accueil\/wp-content\/uploads\/2025\/01\/475336716_937040371952655_8434745956592842467_n-180x180.jpg",180,180,true]},"rttpg_author":{"display_name":"admin","author_link":"https:\/\/anpej.sn\/accueil\/author\/admin\/"},"rttpg_comment":0,"rttpg_category":"<a href=\"https:\/\/anpej.sn\/accueil\/category\/actualite\/\" rel=\"category tag\">actualit\u00e9<\/a>","rttpg_excerpt":"Ce vendredi 24 janvier 2025, l\u2019Agence Nationale pour la Promotion de l\u2019Emploi des Jeunes (ANPEJ) et la D\u00e9l\u00e9gation G\u00e9n\u00e9rale \u00e0 la Protection Sociale et \u00e0 la Solidarit\u00e9 Nationale (DGPSN) se [&hellip;]","_links":{"self":[{"href":"https:\/\/anpej.sn\/accueil\/wp-json\/wp\/v2\/posts\/16446","targetHints":{"allow":["GET"]}}],"collection":[{"href":"https:\/\/anpej.sn\/accueil\/wp-json\/wp\/v2\/posts"}],"about":[{"href":"https:\/\/anpej.sn\/accueil\/wp-json\/wp\/v2\/types\/post"}],"author":[{"embeddable":true,"href":"https:\/\/anpej.sn\/accueil\/wp-json\/wp\/v2\/users\/1"}],"replies":[{"embeddable":true,"href":"https:\/\/anpej.sn\/accueil\/wp-json\/wp\/v2\/comments?post=16446"}],"version-history":[{"count":2,"href":"https:\/\/anpej.sn\/accueil\/wp-json\/wp\/v2\/posts\/16446\/revisions"}],"predecessor-version":[{"id":16453,"href":"https:\/\/anpej.sn\/accueil\/wp-json\/wp\/v2\/posts\/16446\/revisions\/16453"}],"wp:featuredmedia":[{"embeddable":true,"href":"https:\/\/anpej.sn\/accueil\/wp-json\/wp\/v2\/media\/16450"}],"wp:attachment":[{"href":"https:\/\/anpej.sn\/accueil\/wp-json\/wp\/v2\/media?parent=16446"}],"wp:term":[{"taxonomy":"category","embeddable":true,"href":"https:\/\/anpej.sn\/accueil\/wp-json\/wp\/v2\/categories?post=16446"},{"taxonomy":"post_tag","embeddable":true,"href":"https:\/\/anpej.sn\/accueil\/wp-json\/wp\/v2\/tags?post=16446"}],"curies":[{"name":"wp","href":"https:\/\/api.w.org\/{rel}","templated":true}]}}