{"id":16697,"date":"2025-03-24T09:53:11","date_gmt":"2025-03-24T08:53:11","guid":{"rendered":"https:\/\/anpej.sn\/accueil\/?p=16697"},"modified":"2025-03-24T10:06:03","modified_gmt":"2025-03-24T09:06:03","slug":"rencontre-entre-mme-sinna-amadou-gaye-directrice-generale-de-lanpej-rend-visite-au-secretaire-detat-au-developpement-des-pme-pmi-m-ibrahima-thiam","status":"publish","type":"post","link":"https:\/\/anpej.sn\/accueil\/rencontre-entre-mme-sinna-amadou-gaye-directrice-generale-de-lanpej-rend-visite-au-secretaire-detat-au-developpement-des-pme-pmi-m-ibrahima-thiam\/","title":{"rendered":"&#8220;Rencontre de Collaboration entre Mme Sinna Amadou GAYE et M. Ibrahima THIAM&#8221;"},"content":{"rendered":"\n<p><\/p>\n\n\n\n<p>Une synergie d\u2019actions effective !<\/p>\n\n\n\n<p>Une meilleure compr\u00e9hension des missions et axes prioritaires !<\/p>\n\n\n\n<p><a><\/a>Un plaidoyer fort en faveur de l\u2019emploi des jeunes !<\/p>\n\n\n\n<p>Une prise en charge des probl\u00e9matiques relatives \u00e0 la sp\u00e9cificit\u00e9 des PME et PMI dirig\u00e9es par les jeunes dans la strat\u00e9gie nationale de promotion et de d\u00e9veloppement des Petites et Moyennes Entreprises (PME) et des Petites et Moyennes Industries (PMI)!<\/p>\n\n\n\n<p>Tels ont \u00e9t\u00e9 les points de discussion abord\u00e9s lors de la visite de courtoisie effectu\u00e9e par la Directrice g\u00e9n\u00e9rale de l\u2019ANPEJ , Mme Sinna Amadou GAYE au Secr\u00e9taire d&#8217;\u00c9tat au D\u00e9veloppement des PME PMI, M. Ibrahima THIAM.<\/p>\n\n\n\n<p><\/p>\n","protected":false},"excerpt":{"rendered":"<p>Une synergie d\u2019actions effective ! Une meilleure compr\u00e9hension des missions et axes prioritaires ! Un plaidoyer fort en faveur de l\u2019emploi des jeunes ! Une prise en charge des probl\u00e9matiques [&hellip;]<\/p>\n","protected":false},"author":1,"featured_media":16698,"comment_status":"closed","ping_status":"closed","sticky":false,"template":"","format":"standard","meta":{"footnotes":""},"categories":[19],"tags":[],"class_list":["post-16697","post","type-post","status-publish","format-standard","has-post-thumbnail","hentry","category-uncategorized"],"rttpg_featured_image_url":{"full":["https:\/\/anpej.sn\/accueil\/wp-content\/uploads\/2025\/03\/Visite-PME.jpg",1080,810,false],"landscape":["https:\/\/anpej.sn\/accueil\/wp-content\/uploads\/2025\/03\/Visite-PME.jpg",1080,810,false],"portraits":["https:\/\/anpej.sn\/accueil\/wp-content\/uploads\/2025\/03\/Visite-PME.jpg",1080,810,false],"thumbnail":["https:\/\/anpej.sn\/accueil\/wp-content\/uploads\/2025\/03\/Visite-PME-175x175.jpg",175,175,true],"medium":["https:\/\/anpej.sn\/accueil\/wp-content\/uploads\/2025\/03\/Visite-PME-600x540.jpg",600,540,true],"large":["https:\/\/anpej.sn\/accueil\/wp-content\/uploads\/2025\/03\/Visite-PME-1024x768.jpg",900,675,true],"post-thumbnail":["https:\/\/anpej.sn\/accueil\/wp-content\/uploads\/2025\/03\/Visite-PME-550x410.jpg",550,410,true],"consilox_medium":["https:\/\/anpej.sn\/accueil\/wp-content\/uploads\/2025\/03\/Visite-PME-550x580.jpg",550,580,true],"woocommerce_thumbnail":["https:\/\/anpej.sn\/accueil\/wp-content\/uploads\/2025\/03\/Visite-PME-300x300.jpg",300,300,true],"woocommerce_single":["https:\/\/anpej.sn\/accueil\/wp-content\/uploads\/2025\/03\/Visite-PME-600x450.jpg",600,450,true],"woocommerce_gallery_thumbnail":["https:\/\/anpej.sn\/accueil\/wp-content\/uploads\/2025\/03\/Visite-PME-180x180.jpg",180,180,true]},"rttpg_author":{"display_name":"admin","author_link":"https:\/\/anpej.sn\/accueil\/author\/admin\/"},"rttpg_comment":0,"rttpg_category":"<a href=\"https:\/\/anpej.sn\/accueil\/category\/uncategorized\/\" rel=\"category tag\">Uncategorized<\/a>","rttpg_excerpt":"Une synergie d\u2019actions effective ! Une meilleure compr\u00e9hension des missions et axes prioritaires ! Un plaidoyer fort en faveur de l\u2019emploi des jeunes ! Une prise en charge des probl\u00e9matiques [&hellip;]","_links":{"self":[{"href":"https:\/\/anpej.sn\/accueil\/wp-json\/wp\/v2\/posts\/16697","targetHints":{"allow":["GET"]}}],"collection":[{"href":"https:\/\/anpej.sn\/accueil\/wp-json\/wp\/v2\/posts"}],"about":[{"href":"https:\/\/anpej.sn\/accueil\/wp-json\/wp\/v2\/types\/post"}],"author":[{"embeddable":true,"href":"https:\/\/anpej.sn\/accueil\/wp-json\/wp\/v2\/users\/1"}],"replies":[{"embeddable":true,"href":"https:\/\/anpej.sn\/accueil\/wp-json\/wp\/v2\/comments?post=16697"}],"version-history":[{"count":2,"href":"https:\/\/anpej.sn\/accueil\/wp-json\/wp\/v2\/posts\/16697\/revisions"}],"predecessor-version":[{"id":16701,"href":"https:\/\/anpej.sn\/accueil\/wp-json\/wp\/v2\/posts\/16697\/revisions\/16701"}],"wp:featuredmedia":[{"embeddable":true,"href":"https:\/\/anpej.sn\/accueil\/wp-json\/wp\/v2\/media\/16698"}],"wp:attachment":[{"href":"https:\/\/anpej.sn\/accueil\/wp-json\/wp\/v2\/media?parent=16697"}],"wp:term":[{"taxonomy":"category","embeddable":true,"href":"https:\/\/anpej.sn\/accueil\/wp-json\/wp\/v2\/categories?post=16697"},{"taxonomy":"post_tag","embeddable":true,"href":"https:\/\/anpej.sn\/accueil\/wp-json\/wp\/v2\/tags?post=16697"}],"curies":[{"name":"wp","href":"https:\/\/api.w.org\/{rel}","templated":true}]}}