{"id":16702,"date":"2025-03-24T10:28:34","date_gmt":"2025-03-24T09:28:34","guid":{"rendered":"https:\/\/anpej.sn\/accueil\/?p=16702"},"modified":"2025-03-24T10:31:56","modified_gmt":"2025-03-24T09:31:56","slug":"rencontre-entre-mme-sinna-amadou-gaye-directrice-generale-de-lanpej-et-m-djamil-sane-maire-des-parcelles-assainies","status":"publish","type":"post","link":"https:\/\/anpej.sn\/accueil\/rencontre-entre-mme-sinna-amadou-gaye-directrice-generale-de-lanpej-et-m-djamil-sane-maire-des-parcelles-assainies\/","title":{"rendered":"Rencontre entre Mme Sinna Amadou Gaye, et M. Djamil SAN\u00c9, Maire des Parcelles Assainies"},"content":{"rendered":"\n<p>Mme Sinna Amadou Gaye, Directrice g\u00e9n\u00e9rale de l\u2019Agence Nationale pour la Promotion de l\u2019Emploi des Jeunes (ANPEJ), a accueilli M. Djamil SAN\u00c9 Maire des parcelles assainies et M. Cheikh Aliou BEYE Maire de diamagueune sicap mbao. Cette rencontre visait \u00e0 discuter des enjeux li\u00e9s \u00e0 l\u2019insertion socioprofessionnelle des jeunes de leurs communes. Des perspectives prometteuses se dessinent afin d\u2019accompagner ces jeunes dans leur acc\u00e8s \u00e0 l\u2019emploi, leur formation ou leur projet entrepreneurial.<\/p>\n","protected":false},"excerpt":{"rendered":"<p>Mme Sinna Amadou Gaye, Directrice g\u00e9n\u00e9rale de l\u2019Agence Nationale pour la Promotion de l\u2019Emploi des Jeunes (ANPEJ), a accueilli M. Djamil SAN\u00c9 Maire des parcelles assainies et M. Cheikh Aliou [&hellip;]<\/p>\n","protected":false},"author":1,"featured_media":16703,"comment_status":"closed","ping_status":"closed","sticky":false,"template":"","format":"standard","meta":{"footnotes":""},"categories":[19],"tags":[],"class_list":["post-16702","post","type-post","status-publish","format-standard","has-post-thumbnail","hentry","category-uncategorized"],"rttpg_featured_image_url":{"full":["https:\/\/anpej.sn\/accueil\/wp-content\/uploads\/2025\/03\/maire-de-pa.jpg",540,960,false],"landscape":["https:\/\/anpej.sn\/accueil\/wp-content\/uploads\/2025\/03\/maire-de-pa.jpg",540,960,false],"portraits":["https:\/\/anpej.sn\/accueil\/wp-content\/uploads\/2025\/03\/maire-de-pa.jpg",540,960,false],"thumbnail":["https:\/\/anpej.sn\/accueil\/wp-content\/uploads\/2025\/03\/maire-de-pa-175x175.jpg",175,175,true],"medium":["https:\/\/anpej.sn\/accueil\/wp-content\/uploads\/2025\/03\/maire-de-pa-540x540.jpg",540,540,true],"large":["https:\/\/anpej.sn\/accueil\/wp-content\/uploads\/2025\/03\/maire-de-pa.jpg",540,960,false],"post-thumbnail":["https:\/\/anpej.sn\/accueil\/wp-content\/uploads\/2025\/03\/maire-de-pa-540x410.jpg",540,410,true],"consilox_medium":["https:\/\/anpej.sn\/accueil\/wp-content\/uploads\/2025\/03\/maire-de-pa-540x580.jpg",540,580,true],"woocommerce_thumbnail":["https:\/\/anpej.sn\/accueil\/wp-content\/uploads\/2025\/03\/maire-de-pa-300x300.jpg",300,300,true],"woocommerce_single":["https:\/\/anpej.sn\/accueil\/wp-content\/uploads\/2025\/03\/maire-de-pa.jpg",540,960,false],"woocommerce_gallery_thumbnail":["https:\/\/anpej.sn\/accueil\/wp-content\/uploads\/2025\/03\/maire-de-pa-180x180.jpg",180,180,true]},"rttpg_author":{"display_name":"admin","author_link":"https:\/\/anpej.sn\/accueil\/author\/admin\/"},"rttpg_comment":0,"rttpg_category":"<a href=\"https:\/\/anpej.sn\/accueil\/category\/uncategorized\/\" rel=\"category tag\">Uncategorized<\/a>","rttpg_excerpt":"Mme Sinna Amadou Gaye, Directrice g\u00e9n\u00e9rale de l\u2019Agence Nationale pour la Promotion de l\u2019Emploi des Jeunes (ANPEJ), a accueilli M. Djamil SAN\u00c9 Maire des parcelles assainies et M. Cheikh Aliou [&hellip;]","_links":{"self":[{"href":"https:\/\/anpej.sn\/accueil\/wp-json\/wp\/v2\/posts\/16702","targetHints":{"allow":["GET"]}}],"collection":[{"href":"https:\/\/anpej.sn\/accueil\/wp-json\/wp\/v2\/posts"}],"about":[{"href":"https:\/\/anpej.sn\/accueil\/wp-json\/wp\/v2\/types\/post"}],"author":[{"embeddable":true,"href":"https:\/\/anpej.sn\/accueil\/wp-json\/wp\/v2\/users\/1"}],"replies":[{"embeddable":true,"href":"https:\/\/anpej.sn\/accueil\/wp-json\/wp\/v2\/comments?post=16702"}],"version-history":[{"count":2,"href":"https:\/\/anpej.sn\/accueil\/wp-json\/wp\/v2\/posts\/16702\/revisions"}],"predecessor-version":[{"id":16705,"href":"https:\/\/anpej.sn\/accueil\/wp-json\/wp\/v2\/posts\/16702\/revisions\/16705"}],"wp:featuredmedia":[{"embeddable":true,"href":"https:\/\/anpej.sn\/accueil\/wp-json\/wp\/v2\/media\/16703"}],"wp:attachment":[{"href":"https:\/\/anpej.sn\/accueil\/wp-json\/wp\/v2\/media?parent=16702"}],"wp:term":[{"taxonomy":"category","embeddable":true,"href":"https:\/\/anpej.sn\/accueil\/wp-json\/wp\/v2\/categories?post=16702"},{"taxonomy":"post_tag","embeddable":true,"href":"https:\/\/anpej.sn\/accueil\/wp-json\/wp\/v2\/tags?post=16702"}],"curies":[{"name":"wp","href":"https:\/\/api.w.org\/{rel}","templated":true}]}}