{"id":16856,"date":"2025-06-20T10:38:41","date_gmt":"2025-06-20T08:38:41","guid":{"rendered":"https:\/\/anpej.sn\/accueil\/?p=16856"},"modified":"2025-06-20T10:38:41","modified_gmt":"2025-06-20T08:38:41","slug":"visite-de-courtoisie-de-madame-khady-diene-gaye-ministre-de-la-jeunesse-des-sports-et-de-la-culture-au-siege-de-lanpej","status":"publish","type":"post","link":"https:\/\/anpej.sn\/accueil\/visite-de-courtoisie-de-madame-khady-diene-gaye-ministre-de-la-jeunesse-des-sports-et-de-la-culture-au-siege-de-lanpej\/","title":{"rendered":"Visite de courtoisie de Madame Khady Di\u00e8ne GAYE, ministre de la Jeunesse, des Sports et de la Culture au si\u00e8ge de l\u2019ANPEJ"},"content":{"rendered":"\n<p>L\u2019Agence nationale pour la Promotion de l\u2019Emploi des Jeunes (ANPEJ) a re\u00e7u la visite officielle de son Ministre de tutelle ; Mme Khady Di\u00e8ne Gaye, Ministre de la <a><\/a>Jeunesse, des Sports et de la Culture.<\/p>\n\n\n\n<p>Dans son mot de bienvenue la Directrice g\u00e9n\u00e9rale de l\u2019ANPEJ, Mme Sinna Amadou Gaye, a mis l\u2019accent sur plusieurs axes majeurs \u00e0 savoir : l\u2019am\u00e9lioration de la gouvernance de l\u2019emploi des jeunes, la facilitation de l\u2019acc\u00e8s \u00e0 l\u2019information sur le march\u00e9 de l\u2019emploi, le renforcement de l\u2019employabilit\u00e9 des jeunes et le d\u00e9veloppement de l\u2019auto-emploi.<\/p>\n\n\n\n<p>L\u2019occasion a \u00e9t\u00e9 saisie par le Pr\u00e9sident du Conseil de surveillance et le Secr\u00e9taire g\u00e9n\u00e9ral de l\u2019ANPEJ pour pr\u00e9senter les enjeux, les offres de services de l\u2019Agence ; le Plan strat\u00e9gique de d\u00e9veloppement 2025-2029, ainsi que la politique d\u2019emploi ax\u00e9e sur la r\u00e9duction de la pauvret\u00e9 et des in\u00e9galit\u00e9s sociales \u2014 une priorit\u00e9 inscrite dans le r\u00e9f\u00e9rentiel S\u00e9n\u00e9gal 2050.<\/p>\n\n\n\n<p>Au cours des \u00e9changes, Mme le Ministre est revenue sur la sp\u00e9cificit\u00e9 d\u00e9mographique du S\u00e9n\u00e9gal caract\u00e9ris\u00e9 par la jeunesse de sa population.75 % de la population est jeune, ce qui qui constitue un atout \u00e0 partir duquel les changements voulus par les autorit\u00e9s vont s\u2019op\u00e9rer. A cet effet, la pertinence de l\u2019ANPEJ n\u2019est plus \u00e0 d\u00e9montrer ainsi que sa capacit\u00e9 \u00e0 mettre en place des projets qui permettront de r\u00e9pondre aux d\u00e9fis relatifs \u00e0 l\u2019instabilit\u00e9 socio-\u00e9conomique qui acc\u00e9l\u00e9r\u00e9 le ph\u00e9nom\u00e8ne de la migration irr\u00e9guli\u00e8re et la situation d\u2019ins\u00e9curit\u00e9.<\/p>\n\n\n\n<p>Pour conclure, le Ministre a magnifi\u00e9 l\u2019efficacit\u00e9 des agents et s\u2019est engag\u00e9 \u00e0 mener le plaidoyer n\u00e9cessaire pour une augmentation des ressources financi\u00e8res et une meilleure prise en charge des Conseillers en emploi<\/p>\n","protected":false},"excerpt":{"rendered":"<p>L\u2019Agence nationale pour la Promotion de l\u2019Emploi des Jeunes (ANPEJ) a re\u00e7u la visite officielle de son Ministre de tutelle ; Mme Khady Di\u00e8ne Gaye, Ministre de la Jeunesse, des [&hellip;]<\/p>\n","protected":false},"author":1,"featured_media":16857,"comment_status":"closed","ping_status":"closed","sticky":false,"template":"","format":"standard","meta":{"footnotes":""},"categories":[41],"tags":[],"class_list":["post-16856","post","type-post","status-publish","format-standard","has-post-thumbnail","hentry","category-actualite"],"rttpg_featured_image_url":{"full":["https:\/\/anpej.sn\/accueil\/wp-content\/uploads\/2025\/06\/2a53ce0d-1614-478d-8bd4-f188e1ca8eff.jpg",2560,1708,false],"landscape":["https:\/\/anpej.sn\/accueil\/wp-content\/uploads\/2025\/06\/2a53ce0d-1614-478d-8bd4-f188e1ca8eff.jpg",2560,1708,false],"portraits":["https:\/\/anpej.sn\/accueil\/wp-content\/uploads\/2025\/06\/2a53ce0d-1614-478d-8bd4-f188e1ca8eff.jpg",2560,1708,false],"thumbnail":["https:\/\/anpej.sn\/accueil\/wp-content\/uploads\/2025\/06\/2a53ce0d-1614-478d-8bd4-f188e1ca8eff-175x175.jpg",175,175,true],"medium":["https:\/\/anpej.sn\/accueil\/wp-content\/uploads\/2025\/06\/2a53ce0d-1614-478d-8bd4-f188e1ca8eff-600x540.jpg",600,540,true],"large":["https:\/\/anpej.sn\/accueil\/wp-content\/uploads\/2025\/06\/2a53ce0d-1614-478d-8bd4-f188e1ca8eff-1024x683.jpg",900,600,true],"post-thumbnail":["https:\/\/anpej.sn\/accueil\/wp-content\/uploads\/2025\/06\/2a53ce0d-1614-478d-8bd4-f188e1ca8eff-550x410.jpg",550,410,true],"consilox_medium":["https:\/\/anpej.sn\/accueil\/wp-content\/uploads\/2025\/06\/2a53ce0d-1614-478d-8bd4-f188e1ca8eff-550x580.jpg",550,580,true],"woocommerce_thumbnail":["https:\/\/anpej.sn\/accueil\/wp-content\/uploads\/2025\/06\/2a53ce0d-1614-478d-8bd4-f188e1ca8eff-300x300.jpg",300,300,true],"woocommerce_single":["https:\/\/anpej.sn\/accueil\/wp-content\/uploads\/2025\/06\/2a53ce0d-1614-478d-8bd4-f188e1ca8eff-600x400.jpg",600,400,true],"woocommerce_gallery_thumbnail":["https:\/\/anpej.sn\/accueil\/wp-content\/uploads\/2025\/06\/2a53ce0d-1614-478d-8bd4-f188e1ca8eff-180x180.jpg",180,180,true]},"rttpg_author":{"display_name":"admin","author_link":"https:\/\/anpej.sn\/accueil\/author\/admin\/"},"rttpg_comment":0,"rttpg_category":"<a href=\"https:\/\/anpej.sn\/accueil\/category\/actualite\/\" rel=\"category tag\">actualit\u00e9<\/a>","rttpg_excerpt":"L\u2019Agence nationale pour la Promotion de l\u2019Emploi des Jeunes (ANPEJ) a re\u00e7u la visite officielle de son Ministre de tutelle ; Mme Khady Di\u00e8ne Gaye, Ministre de la Jeunesse, des [&hellip;]","_links":{"self":[{"href":"https:\/\/anpej.sn\/accueil\/wp-json\/wp\/v2\/posts\/16856","targetHints":{"allow":["GET"]}}],"collection":[{"href":"https:\/\/anpej.sn\/accueil\/wp-json\/wp\/v2\/posts"}],"about":[{"href":"https:\/\/anpej.sn\/accueil\/wp-json\/wp\/v2\/types\/post"}],"author":[{"embeddable":true,"href":"https:\/\/anpej.sn\/accueil\/wp-json\/wp\/v2\/users\/1"}],"replies":[{"embeddable":true,"href":"https:\/\/anpej.sn\/accueil\/wp-json\/wp\/v2\/comments?post=16856"}],"version-history":[{"count":1,"href":"https:\/\/anpej.sn\/accueil\/wp-json\/wp\/v2\/posts\/16856\/revisions"}],"predecessor-version":[{"id":16858,"href":"https:\/\/anpej.sn\/accueil\/wp-json\/wp\/v2\/posts\/16856\/revisions\/16858"}],"wp:featuredmedia":[{"embeddable":true,"href":"https:\/\/anpej.sn\/accueil\/wp-json\/wp\/v2\/media\/16857"}],"wp:attachment":[{"href":"https:\/\/anpej.sn\/accueil\/wp-json\/wp\/v2\/media?parent=16856"}],"wp:term":[{"taxonomy":"category","embeddable":true,"href":"https:\/\/anpej.sn\/accueil\/wp-json\/wp\/v2\/categories?post=16856"},{"taxonomy":"post_tag","embeddable":true,"href":"https:\/\/anpej.sn\/accueil\/wp-json\/wp\/v2\/tags?post=16856"}],"curies":[{"name":"wp","href":"https:\/\/api.w.org\/{rel}","templated":true}]}}