{"id":16900,"date":"2025-07-08T10:33:52","date_gmt":"2025-07-08T08:33:52","guid":{"rendered":"https:\/\/anpej.sn\/accueil\/?p=16900"},"modified":"2025-07-08T10:33:53","modified_gmt":"2025-07-08T08:33:53","slug":"focus-group-anpej-et-les-jeunes-de-sicap-mbao","status":"publish","type":"post","link":"https:\/\/anpej.sn\/accueil\/focus-group-anpej-et-les-jeunes-de-sicap-mbao\/","title":{"rendered":"FOCUS GROUP &#8211; ANPEJ ET LES JEUNES DE SICAP MBAO"},"content":{"rendered":"\n<p>La c\u00e9r\u00e9monie de signature de la convention qui lie ANPEJ et la Commune de Sicap Mbao s\u2019est d\u00e9roul\u00e9e dans un format assez innovant avec un # DONNONS LA VOIX AUX JEUNES.<br>L\u2019occasion a \u00e9t\u00e9 saisie par les jeunes pour s\u2019enqu\u00e9rir des offres de service de l\u2019ANPEJ et exposer leurs pr\u00e9occupations et leurs attentes par rapport \u00e0 cette convention qui augure de belles perspectives d\u00e9s lorsque la commune abrite une zone franche industrielle disposant de fortes potentialit\u00e9s en mati\u00e8re d\u2019insertion des jeunes.<br>Dans cette dynamique, la Directrice g\u00e9n\u00e9rale de l\u2019ANPEJ, Mme Sinna Amadou GAYE apr\u00e8s avoir chaleureusement remerci\u00e9 et f\u00e9licit\u00e9 le Maire de la Commune de Sicap Mbao , Cheikh Aliou BEYE ; s\u2019est engag\u00e9e \u00e0 mobiliser les entreprises et assurer l\u2019interm\u00e9diation avec les jeunes tout les incitant \u00e0 orienter leurs fonds RSE vers la promotion de l\u2019entrepreneuriat.<\/p>\n","protected":false},"excerpt":{"rendered":"<p>La c\u00e9r\u00e9monie de signature de la convention qui lie ANPEJ et la Commune de Sicap Mbao s\u2019est d\u00e9roul\u00e9e dans un format assez innovant avec un # DONNONS LA VOIX AUX [&hellip;]<\/p>\n","protected":false},"author":1,"featured_media":16901,"comment_status":"closed","ping_status":"closed","sticky":false,"template":"","format":"standard","meta":{"footnotes":""},"categories":[41],"tags":[],"class_list":["post-16900","post","type-post","status-publish","format-standard","has-post-thumbnail","hentry","category-actualite"],"rttpg_featured_image_url":{"full":["https:\/\/anpej.sn\/accueil\/wp-content\/uploads\/2025\/07\/0ddeed1d-31bb-4fce-8189-352bc4a25069.jpg",1080,719,false],"landscape":["https:\/\/anpej.sn\/accueil\/wp-content\/uploads\/2025\/07\/0ddeed1d-31bb-4fce-8189-352bc4a25069.jpg",1080,719,false],"portraits":["https:\/\/anpej.sn\/accueil\/wp-content\/uploads\/2025\/07\/0ddeed1d-31bb-4fce-8189-352bc4a25069.jpg",1080,719,false],"thumbnail":["https:\/\/anpej.sn\/accueil\/wp-content\/uploads\/2025\/07\/0ddeed1d-31bb-4fce-8189-352bc4a25069-175x175.jpg",175,175,true],"medium":["https:\/\/anpej.sn\/accueil\/wp-content\/uploads\/2025\/07\/0ddeed1d-31bb-4fce-8189-352bc4a25069-600x540.jpg",600,540,true],"large":["https:\/\/anpej.sn\/accueil\/wp-content\/uploads\/2025\/07\/0ddeed1d-31bb-4fce-8189-352bc4a25069-1024x682.jpg",900,599,true],"post-thumbnail":["https:\/\/anpej.sn\/accueil\/wp-content\/uploads\/2025\/07\/0ddeed1d-31bb-4fce-8189-352bc4a25069-550x410.jpg",550,410,true],"consilox_medium":["https:\/\/anpej.sn\/accueil\/wp-content\/uploads\/2025\/07\/0ddeed1d-31bb-4fce-8189-352bc4a25069-550x580.jpg",550,580,true],"woocommerce_thumbnail":["https:\/\/anpej.sn\/accueil\/wp-content\/uploads\/2025\/07\/0ddeed1d-31bb-4fce-8189-352bc4a25069-300x300.jpg",300,300,true],"woocommerce_single":["https:\/\/anpej.sn\/accueil\/wp-content\/uploads\/2025\/07\/0ddeed1d-31bb-4fce-8189-352bc4a25069-600x399.jpg",600,399,true],"woocommerce_gallery_thumbnail":["https:\/\/anpej.sn\/accueil\/wp-content\/uploads\/2025\/07\/0ddeed1d-31bb-4fce-8189-352bc4a25069-180x180.jpg",180,180,true]},"rttpg_author":{"display_name":"admin","author_link":"https:\/\/anpej.sn\/accueil\/author\/admin\/"},"rttpg_comment":0,"rttpg_category":"<a href=\"https:\/\/anpej.sn\/accueil\/category\/actualite\/\" rel=\"category tag\">actualit\u00e9<\/a>","rttpg_excerpt":"La c\u00e9r\u00e9monie de signature de la convention qui lie ANPEJ et la Commune de Sicap Mbao s\u2019est d\u00e9roul\u00e9e dans un format assez innovant avec un # DONNONS LA VOIX AUX [&hellip;]","_links":{"self":[{"href":"https:\/\/anpej.sn\/accueil\/wp-json\/wp\/v2\/posts\/16900","targetHints":{"allow":["GET"]}}],"collection":[{"href":"https:\/\/anpej.sn\/accueil\/wp-json\/wp\/v2\/posts"}],"about":[{"href":"https:\/\/anpej.sn\/accueil\/wp-json\/wp\/v2\/types\/post"}],"author":[{"embeddable":true,"href":"https:\/\/anpej.sn\/accueil\/wp-json\/wp\/v2\/users\/1"}],"replies":[{"embeddable":true,"href":"https:\/\/anpej.sn\/accueil\/wp-json\/wp\/v2\/comments?post=16900"}],"version-history":[{"count":1,"href":"https:\/\/anpej.sn\/accueil\/wp-json\/wp\/v2\/posts\/16900\/revisions"}],"predecessor-version":[{"id":16902,"href":"https:\/\/anpej.sn\/accueil\/wp-json\/wp\/v2\/posts\/16900\/revisions\/16902"}],"wp:featuredmedia":[{"embeddable":true,"href":"https:\/\/anpej.sn\/accueil\/wp-json\/wp\/v2\/media\/16901"}],"wp:attachment":[{"href":"https:\/\/anpej.sn\/accueil\/wp-json\/wp\/v2\/media?parent=16900"}],"wp:term":[{"taxonomy":"category","embeddable":true,"href":"https:\/\/anpej.sn\/accueil\/wp-json\/wp\/v2\/categories?post=16900"},{"taxonomy":"post_tag","embeddable":true,"href":"https:\/\/anpej.sn\/accueil\/wp-json\/wp\/v2\/tags?post=16900"}],"curies":[{"name":"wp","href":"https:\/\/api.w.org\/{rel}","templated":true}]}}