{"id":16927,"date":"2025-07-23T14:55:34","date_gmt":"2025-07-23T12:55:34","guid":{"rendered":"https:\/\/anpej.sn\/accueil\/?p=16927"},"modified":"2025-07-23T14:59:14","modified_gmt":"2025-07-23T12:59:14","slug":"phase-pilote-du-projet-dappui-a-lecomobilite-et-a-lentrepreneuriat-des-jeunes","status":"publish","type":"post","link":"https:\/\/anpej.sn\/accueil\/phase-pilote-du-projet-dappui-a-lecomobilite-et-a-lentrepreneuriat-des-jeunes\/","title":{"rendered":"Phase pilote du Projet d\u2019appui \u00e0 l\u2019\u00e9comobilit\u00e9 et \u00e0 l\u2019entrepreneuriat des jeunes"},"content":{"rendered":"\n<p><a href=\"https:\/\/web.facebook.com\/hashtag\/%C3%A9comobilit%C3%A9jeunes?__eep__=6&amp;__cft__[0]=AZVYuaQL-gdCleJvVFkLfPhKTUF-8bye0Czmehk5FEGMFiK7N2oMLiyW6e1kLAs7XjTCKEPQwa07vVDk7ieDmwWivKDYC7iUVOOsGMwbFqUT3NlH29QGLtRBk2xesP8cl8fTPl_gHMl-CHyHfWzTNPAcHZEVAcpgEtxInt33Lh3GLmXESYwiOrpXl6sFKCXHGzbQZ-7mjtE1JHO9MlQztvqR&amp;__tn__=*NK-R\">#\u00c9comobilit\u00e9Jeunes<\/a> | Cap sur Kaolack !\ufffdApr\u00e8s Matam, Kaolack \u00e0 travers les autorit\u00e9s administratives et locales ainsi que l\u2019ensemble des acteurs a accueilli le deuxi\u00e8me <a><\/a>Comit\u00e9 R\u00e9gional de D\u00e9veloppement (CRD) d\u00e9di\u00e9 \u00e1 la phase pilote du Projet d\u2019appui \u00e0 l\u2019\u00e9comobilit\u00e9 et \u00e0 l\u2019entrepreneuriat des jeunes.<\/p>\n\n\n\n<p>Le PAEJ est mise \u0153uvre par l\u2019Agence nationale pour la Promotion de l\u2019Emploi des Jeunes (ANPEJ) repr\u00e9sent\u00e9e par son Secr\u00e9taire General M. Babacar Wagane FAYE et le Programme des Nations Unies pour le D\u00e9veloppement(PNUD) repr\u00e9sent\u00e9 par M. Ibrahima Khalil NDIAYE.<\/p>\n\n\n\n<p>Ce projet d\u2019envergure nationale incarne une vision commune et un engagement fort en faveur de l\u2019insertion socio-\u00e9conomique des jeunes. Il vise \u00e0 introduire des motos-taxis \u00e9lectriques dans les d\u00e9partements de Matam et Kaolack, en remplacement des motos thermiques.<\/p>\n\n\n\n<p>Objectif :<\/p>\n\n\n\n<p>Favoriser des emplois verts<\/p>\n\n\n\n<p>Promouvoir et valoriser les niches d\u2019emplois du secteur<\/p>\n\n\n\n<p>Participer \u00e0 la structuration du secteur \u00e0 travers l\u2019accompagnement des jeunes<\/p>\n","protected":false},"excerpt":{"rendered":"<p>#\u00c9comobilit\u00e9Jeunes | Cap sur Kaolack !\ufffdApr\u00e8s Matam, Kaolack \u00e0 travers les autorit\u00e9s administratives et locales ainsi que l\u2019ensemble des acteurs a accueilli le deuxi\u00e8me Comit\u00e9 R\u00e9gional de D\u00e9veloppement (CRD) d\u00e9di\u00e9 [&hellip;]<\/p>\n","protected":false},"author":1,"featured_media":16930,"comment_status":"closed","ping_status":"closed","sticky":false,"template":"","format":"standard","meta":{"footnotes":""},"categories":[41],"tags":[],"class_list":["post-16927","post","type-post","status-publish","format-standard","has-post-thumbnail","hentry","category-actualite"],"rttpg_featured_image_url":{"full":["https:\/\/anpej.sn\/accueil\/wp-content\/uploads\/2025\/07\/ce455921-a8a2-49ea-b150-f29f4386ee60.jpg",1280,960,false],"landscape":["https:\/\/anpej.sn\/accueil\/wp-content\/uploads\/2025\/07\/ce455921-a8a2-49ea-b150-f29f4386ee60.jpg",1280,960,false],"portraits":["https:\/\/anpej.sn\/accueil\/wp-content\/uploads\/2025\/07\/ce455921-a8a2-49ea-b150-f29f4386ee60.jpg",1280,960,false],"thumbnail":["https:\/\/anpej.sn\/accueil\/wp-content\/uploads\/2025\/07\/ce455921-a8a2-49ea-b150-f29f4386ee60-175x175.jpg",175,175,true],"medium":["https:\/\/anpej.sn\/accueil\/wp-content\/uploads\/2025\/07\/ce455921-a8a2-49ea-b150-f29f4386ee60-600x540.jpg",600,540,true],"large":["https:\/\/anpej.sn\/accueil\/wp-content\/uploads\/2025\/07\/ce455921-a8a2-49ea-b150-f29f4386ee60-1024x768.jpg",900,675,true],"post-thumbnail":["https:\/\/anpej.sn\/accueil\/wp-content\/uploads\/2025\/07\/ce455921-a8a2-49ea-b150-f29f4386ee60-550x410.jpg",550,410,true],"consilox_medium":["https:\/\/anpej.sn\/accueil\/wp-content\/uploads\/2025\/07\/ce455921-a8a2-49ea-b150-f29f4386ee60-550x580.jpg",550,580,true],"woocommerce_thumbnail":["https:\/\/anpej.sn\/accueil\/wp-content\/uploads\/2025\/07\/ce455921-a8a2-49ea-b150-f29f4386ee60-300x300.jpg",300,300,true],"woocommerce_single":["https:\/\/anpej.sn\/accueil\/wp-content\/uploads\/2025\/07\/ce455921-a8a2-49ea-b150-f29f4386ee60-600x450.jpg",600,450,true],"woocommerce_gallery_thumbnail":["https:\/\/anpej.sn\/accueil\/wp-content\/uploads\/2025\/07\/ce455921-a8a2-49ea-b150-f29f4386ee60-180x180.jpg",180,180,true]},"rttpg_author":{"display_name":"admin","author_link":"https:\/\/anpej.sn\/accueil\/author\/admin\/"},"rttpg_comment":0,"rttpg_category":"<a href=\"https:\/\/anpej.sn\/accueil\/category\/actualite\/\" rel=\"category tag\">actualit\u00e9<\/a>","rttpg_excerpt":"#\u00c9comobilit\u00e9Jeunes | Cap sur Kaolack !\ufffdApr\u00e8s Matam, Kaolack \u00e0 travers les autorit\u00e9s administratives et locales ainsi que l\u2019ensemble des acteurs a accueilli le deuxi\u00e8me Comit\u00e9 R\u00e9gional de D\u00e9veloppement (CRD) d\u00e9di\u00e9 [&hellip;]","_links":{"self":[{"href":"https:\/\/anpej.sn\/accueil\/wp-json\/wp\/v2\/posts\/16927","targetHints":{"allow":["GET"]}}],"collection":[{"href":"https:\/\/anpej.sn\/accueil\/wp-json\/wp\/v2\/posts"}],"about":[{"href":"https:\/\/anpej.sn\/accueil\/wp-json\/wp\/v2\/types\/post"}],"author":[{"embeddable":true,"href":"https:\/\/anpej.sn\/accueil\/wp-json\/wp\/v2\/users\/1"}],"replies":[{"embeddable":true,"href":"https:\/\/anpej.sn\/accueil\/wp-json\/wp\/v2\/comments?post=16927"}],"version-history":[{"count":1,"href":"https:\/\/anpej.sn\/accueil\/wp-json\/wp\/v2\/posts\/16927\/revisions"}],"predecessor-version":[{"id":16931,"href":"https:\/\/anpej.sn\/accueil\/wp-json\/wp\/v2\/posts\/16927\/revisions\/16931"}],"wp:featuredmedia":[{"embeddable":true,"href":"https:\/\/anpej.sn\/accueil\/wp-json\/wp\/v2\/media\/16930"}],"wp:attachment":[{"href":"https:\/\/anpej.sn\/accueil\/wp-json\/wp\/v2\/media?parent=16927"}],"wp:term":[{"taxonomy":"category","embeddable":true,"href":"https:\/\/anpej.sn\/accueil\/wp-json\/wp\/v2\/categories?post=16927"},{"taxonomy":"post_tag","embeddable":true,"href":"https:\/\/anpej.sn\/accueil\/wp-json\/wp\/v2\/tags?post=16927"}],"curies":[{"name":"wp","href":"https:\/\/api.w.org\/{rel}","templated":true}]}}