{"id":16972,"date":"2025-07-31T18:20:11","date_gmt":"2025-07-31T16:20:11","guid":{"rendered":"https:\/\/anpej.sn\/accueil\/?p=16972"},"modified":"2025-07-31T18:20:12","modified_gmt":"2025-07-31T16:20:12","slug":"ceremonie-de-cloture-des-sessions-denrolement-et-de-formation-organisees-a-yeumbeul","status":"publish","type":"post","link":"https:\/\/anpej.sn\/accueil\/ceremonie-de-cloture-des-sessions-denrolement-et-de-formation-organisees-a-yeumbeul\/","title":{"rendered":"C\u00e9r\u00e9monie de cl\u00f4ture des sessions d\u2019enr\u00f4lement et de formation organis\u00e9es \u00e0 Yeumbeul"},"content":{"rendered":"\n<p>Cl\u00f4ture des sessions de formation au profit de la jeunesse de Yeumbeul<\/p>\n\n\n\n<p>La Directrice g\u00e9n\u00e9rale de l\u2019ANPEJ a pr\u00e9sid\u00e9 la c\u00e9r\u00e9monie de cl\u00f4ture des sessions d\u2019enr\u00f4lement et <a><\/a>de formation organis\u00e9es \u00e0 Yeumbeul. Cette initiative, d\u00e9ploy\u00e9e dans les communes du D\u00e9partement de Keur Massar, a permis de former 150 jeunes sur les techniques de recherche d\u2019emploi, l\u2019entrepreneuriat, l\u2019\u00e9ducation financi\u00e8re et la comptabilit\u00e9 simplifi\u00e9e.<\/p>\n\n\n\n<p>R\u00e9sultats :<\/p>\n\n\n\n<p>\u2022 +1 000 jeunes inform\u00e9s des opportunit\u00e9s d\u2019emploi ;<\/p>\n\n\n\n<p>\u2022 500 jeunes enr\u00f4l\u00e9s dans la base de donn\u00e9es de l\u2019ANPEJ ;<\/p>\n\n\n\n<p>\u2022 100 porteurs de projets form\u00e9s en entrepreneuriat ;<\/p>\n\n\n\n<p>\u2022 50 dipl\u00f4m\u00e9s outill\u00e9s pour la recherche d\u2019emploi.<\/p>\n\n\n\n<p>Ces r\u00e9sultats traduisent un impact concret : des jeunes accompagn\u00e9s, des projets structur\u00e9s, et des perspectives renforc\u00e9es.<\/p>\n","protected":false},"excerpt":{"rendered":"<p>Cl\u00f4ture des sessions de formation au profit de la jeunesse de Yeumbeul La Directrice g\u00e9n\u00e9rale de l\u2019ANPEJ a pr\u00e9sid\u00e9 la c\u00e9r\u00e9monie de cl\u00f4ture des sessions d\u2019enr\u00f4lement et de formation organis\u00e9es [&hellip;]<\/p>\n","protected":false},"author":1,"featured_media":16973,"comment_status":"closed","ping_status":"closed","sticky":false,"template":"","format":"standard","meta":{"footnotes":""},"categories":[41],"tags":[],"class_list":["post-16972","post","type-post","status-publish","format-standard","has-post-thumbnail","hentry","category-actualite"],"rttpg_featured_image_url":{"full":["https:\/\/anpej.sn\/accueil\/wp-content\/uploads\/2025\/07\/d71bcdbb-1b24-4da8-b29e-bc9233f14342.jpg",1080,810,false],"landscape":["https:\/\/anpej.sn\/accueil\/wp-content\/uploads\/2025\/07\/d71bcdbb-1b24-4da8-b29e-bc9233f14342.jpg",1080,810,false],"portraits":["https:\/\/anpej.sn\/accueil\/wp-content\/uploads\/2025\/07\/d71bcdbb-1b24-4da8-b29e-bc9233f14342.jpg",1080,810,false],"thumbnail":["https:\/\/anpej.sn\/accueil\/wp-content\/uploads\/2025\/07\/d71bcdbb-1b24-4da8-b29e-bc9233f14342-175x175.jpg",175,175,true],"medium":["https:\/\/anpej.sn\/accueil\/wp-content\/uploads\/2025\/07\/d71bcdbb-1b24-4da8-b29e-bc9233f14342-600x540.jpg",600,540,true],"large":["https:\/\/anpej.sn\/accueil\/wp-content\/uploads\/2025\/07\/d71bcdbb-1b24-4da8-b29e-bc9233f14342-1024x768.jpg",900,675,true],"post-thumbnail":["https:\/\/anpej.sn\/accueil\/wp-content\/uploads\/2025\/07\/d71bcdbb-1b24-4da8-b29e-bc9233f14342-550x410.jpg",550,410,true],"consilox_medium":["https:\/\/anpej.sn\/accueil\/wp-content\/uploads\/2025\/07\/d71bcdbb-1b24-4da8-b29e-bc9233f14342-550x580.jpg",550,580,true],"woocommerce_thumbnail":["https:\/\/anpej.sn\/accueil\/wp-content\/uploads\/2025\/07\/d71bcdbb-1b24-4da8-b29e-bc9233f14342-300x300.jpg",300,300,true],"woocommerce_single":["https:\/\/anpej.sn\/accueil\/wp-content\/uploads\/2025\/07\/d71bcdbb-1b24-4da8-b29e-bc9233f14342-600x450.jpg",600,450,true],"woocommerce_gallery_thumbnail":["https:\/\/anpej.sn\/accueil\/wp-content\/uploads\/2025\/07\/d71bcdbb-1b24-4da8-b29e-bc9233f14342-180x180.jpg",180,180,true]},"rttpg_author":{"display_name":"admin","author_link":"https:\/\/anpej.sn\/accueil\/author\/admin\/"},"rttpg_comment":0,"rttpg_category":"<a href=\"https:\/\/anpej.sn\/accueil\/category\/actualite\/\" rel=\"category tag\">actualit\u00e9<\/a>","rttpg_excerpt":"Cl\u00f4ture des sessions de formation au profit de la jeunesse de Yeumbeul La Directrice g\u00e9n\u00e9rale de l\u2019ANPEJ a pr\u00e9sid\u00e9 la c\u00e9r\u00e9monie de cl\u00f4ture des sessions d\u2019enr\u00f4lement et de formation organis\u00e9es [&hellip;]","_links":{"self":[{"href":"https:\/\/anpej.sn\/accueil\/wp-json\/wp\/v2\/posts\/16972","targetHints":{"allow":["GET"]}}],"collection":[{"href":"https:\/\/anpej.sn\/accueil\/wp-json\/wp\/v2\/posts"}],"about":[{"href":"https:\/\/anpej.sn\/accueil\/wp-json\/wp\/v2\/types\/post"}],"author":[{"embeddable":true,"href":"https:\/\/anpej.sn\/accueil\/wp-json\/wp\/v2\/users\/1"}],"replies":[{"embeddable":true,"href":"https:\/\/anpej.sn\/accueil\/wp-json\/wp\/v2\/comments?post=16972"}],"version-history":[{"count":1,"href":"https:\/\/anpej.sn\/accueil\/wp-json\/wp\/v2\/posts\/16972\/revisions"}],"predecessor-version":[{"id":16974,"href":"https:\/\/anpej.sn\/accueil\/wp-json\/wp\/v2\/posts\/16972\/revisions\/16974"}],"wp:featuredmedia":[{"embeddable":true,"href":"https:\/\/anpej.sn\/accueil\/wp-json\/wp\/v2\/media\/16973"}],"wp:attachment":[{"href":"https:\/\/anpej.sn\/accueil\/wp-json\/wp\/v2\/media?parent=16972"}],"wp:term":[{"taxonomy":"category","embeddable":true,"href":"https:\/\/anpej.sn\/accueil\/wp-json\/wp\/v2\/categories?post=16972"},{"taxonomy":"post_tag","embeddable":true,"href":"https:\/\/anpej.sn\/accueil\/wp-json\/wp\/v2\/tags?post=16972"}],"curies":[{"name":"wp","href":"https:\/\/api.w.org\/{rel}","templated":true}]}}