{"id":16975,"date":"2025-07-31T18:48:45","date_gmt":"2025-07-31T16:48:45","guid":{"rendered":"https:\/\/anpej.sn\/accueil\/?p=16975"},"modified":"2025-07-31T18:48:46","modified_gmt":"2025-07-31T16:48:46","slug":"convention-totalenergie-anpej","status":"publish","type":"post","link":"https:\/\/anpej.sn\/accueil\/convention-totalenergie-anpej\/","title":{"rendered":"CONVENTION Totalenergie &amp; ANPEJ"},"content":{"rendered":"\n<p>Mme Sinna Amadou GAYE , Directrice G\u00e9n\u00e9rale de l\u2019Agence nationale pour la Promotion de l\u2019Emploi des Jeunes (ANPEJ), accompagn\u00e9e d\u2019une <a><\/a>importante d\u00e9l\u00e9gation, a \u00e9t\u00e9 re\u00e7ue par M. Badara MBACK\u00c9, Directeur G\u00e9n\u00e9ral de TotalEnergies S\u00e9n\u00e9gal, dans le cadre de la signature d\u2019une convention de partenariat strat\u00e9gique.<\/p>\n\n\n\n<p>Cet accord marque une \u00e9tape significative dans l\u2019engagement commun des deux institutions \u00e0<\/p>\n\n\n\n<p>\u2022 Mettre en \u0153uvre des projets \u00e0 fort potentiel de cr\u00e9ation d\u2019emploi<\/p>\n\n\n\n<p>\u2022 Soutenir l\u2019insertion socio-\u00e9conomique durable des jeunes \u00e0 travers une politique sociale inclusive et un engagement social fort<\/p>\n\n\n\n<p>\u2022 Renforcer l\u2019employabilit\u00e9 et faciliter l\u2019insertion des jeunes dipl\u00f4m\u00e9s<\/p>\n\n\n\n<p>Ce partenariat ambitieux entre l\u2019ANPEJ et TotalEnergies S\u00e9n\u00e9gal r\u00e9affirme la volont\u00e9 des deux parties de conjuguer leurs efforts pour r\u00e9pondre efficacement aux d\u00e9fis li\u00e9s \u00e0 l\u2019emploi des jeunes et soutenir leur int\u00e9gration professionnelle et \u00e9conomique.<\/p>\n\n\n\n<p><\/p>\n","protected":false},"excerpt":{"rendered":"<p>Mme Sinna Amadou GAYE , Directrice G\u00e9n\u00e9rale de l\u2019Agence nationale pour la Promotion de l\u2019Emploi des Jeunes (ANPEJ), accompagn\u00e9e d\u2019une importante d\u00e9l\u00e9gation, a \u00e9t\u00e9 re\u00e7ue par M. Badara MBACK\u00c9, Directeur [&hellip;]<\/p>\n","protected":false},"author":1,"featured_media":16976,"comment_status":"closed","ping_status":"closed","sticky":false,"template":"","format":"standard","meta":{"footnotes":""},"categories":[41],"tags":[],"class_list":["post-16975","post","type-post","status-publish","format-standard","has-post-thumbnail","hentry","category-actualite"],"rttpg_featured_image_url":{"full":["https:\/\/anpej.sn\/accueil\/wp-content\/uploads\/2025\/07\/a03f591c-1830-4967-b87b-6dfc89256692.jpg",828,473,false],"landscape":["https:\/\/anpej.sn\/accueil\/wp-content\/uploads\/2025\/07\/a03f591c-1830-4967-b87b-6dfc89256692.jpg",828,473,false],"portraits":["https:\/\/anpej.sn\/accueil\/wp-content\/uploads\/2025\/07\/a03f591c-1830-4967-b87b-6dfc89256692.jpg",828,473,false],"thumbnail":["https:\/\/anpej.sn\/accueil\/wp-content\/uploads\/2025\/07\/a03f591c-1830-4967-b87b-6dfc89256692-175x175.jpg",175,175,true],"medium":["https:\/\/anpej.sn\/accueil\/wp-content\/uploads\/2025\/07\/a03f591c-1830-4967-b87b-6dfc89256692-600x473.jpg",600,473,true],"large":["https:\/\/anpej.sn\/accueil\/wp-content\/uploads\/2025\/07\/a03f591c-1830-4967-b87b-6dfc89256692.jpg",828,473,false],"post-thumbnail":["https:\/\/anpej.sn\/accueil\/wp-content\/uploads\/2025\/07\/a03f591c-1830-4967-b87b-6dfc89256692-550x410.jpg",550,410,true],"consilox_medium":["https:\/\/anpej.sn\/accueil\/wp-content\/uploads\/2025\/07\/a03f591c-1830-4967-b87b-6dfc89256692-550x473.jpg",550,473,true],"woocommerce_thumbnail":["https:\/\/anpej.sn\/accueil\/wp-content\/uploads\/2025\/07\/a03f591c-1830-4967-b87b-6dfc89256692-300x300.jpg",300,300,true],"woocommerce_single":["https:\/\/anpej.sn\/accueil\/wp-content\/uploads\/2025\/07\/a03f591c-1830-4967-b87b-6dfc89256692-600x343.jpg",600,343,true],"woocommerce_gallery_thumbnail":["https:\/\/anpej.sn\/accueil\/wp-content\/uploads\/2025\/07\/a03f591c-1830-4967-b87b-6dfc89256692-180x180.jpg",180,180,true]},"rttpg_author":{"display_name":"admin","author_link":"https:\/\/anpej.sn\/accueil\/author\/admin\/"},"rttpg_comment":0,"rttpg_category":"<a href=\"https:\/\/anpej.sn\/accueil\/category\/actualite\/\" rel=\"category tag\">actualit\u00e9<\/a>","rttpg_excerpt":"Mme Sinna Amadou GAYE , Directrice G\u00e9n\u00e9rale de l\u2019Agence nationale pour la Promotion de l\u2019Emploi des Jeunes (ANPEJ), accompagn\u00e9e d\u2019une importante d\u00e9l\u00e9gation, a \u00e9t\u00e9 re\u00e7ue par M. Badara MBACK\u00c9, Directeur [&hellip;]","_links":{"self":[{"href":"https:\/\/anpej.sn\/accueil\/wp-json\/wp\/v2\/posts\/16975","targetHints":{"allow":["GET"]}}],"collection":[{"href":"https:\/\/anpej.sn\/accueil\/wp-json\/wp\/v2\/posts"}],"about":[{"href":"https:\/\/anpej.sn\/accueil\/wp-json\/wp\/v2\/types\/post"}],"author":[{"embeddable":true,"href":"https:\/\/anpej.sn\/accueil\/wp-json\/wp\/v2\/users\/1"}],"replies":[{"embeddable":true,"href":"https:\/\/anpej.sn\/accueil\/wp-json\/wp\/v2\/comments?post=16975"}],"version-history":[{"count":1,"href":"https:\/\/anpej.sn\/accueil\/wp-json\/wp\/v2\/posts\/16975\/revisions"}],"predecessor-version":[{"id":16977,"href":"https:\/\/anpej.sn\/accueil\/wp-json\/wp\/v2\/posts\/16975\/revisions\/16977"}],"wp:featuredmedia":[{"embeddable":true,"href":"https:\/\/anpej.sn\/accueil\/wp-json\/wp\/v2\/media\/16976"}],"wp:attachment":[{"href":"https:\/\/anpej.sn\/accueil\/wp-json\/wp\/v2\/media?parent=16975"}],"wp:term":[{"taxonomy":"category","embeddable":true,"href":"https:\/\/anpej.sn\/accueil\/wp-json\/wp\/v2\/categories?post=16975"},{"taxonomy":"post_tag","embeddable":true,"href":"https:\/\/anpej.sn\/accueil\/wp-json\/wp\/v2\/tags?post=16975"}],"curies":[{"name":"wp","href":"https:\/\/api.w.org\/{rel}","templated":true}]}}