{"id":16978,"date":"2025-08-06T14:55:09","date_gmt":"2025-08-06T12:55:09","guid":{"rendered":"https:\/\/anpej.sn\/accueil\/?p=16978"},"modified":"2025-08-06T15:31:52","modified_gmt":"2025-08-06T13:31:52","slug":"signature-de-convention-entre-lanpej-et-le-cojoj-portant-sur-des-opportunites-demplois-de-formation-et-dinsertions-professionnelles-pour-les-jeunes","status":"publish","type":"post","link":"https:\/\/anpej.sn\/accueil\/signature-de-convention-entre-lanpej-et-le-cojoj-portant-sur-des-opportunites-demplois-de-formation-et-dinsertions-professionnelles-pour-les-jeunes\/","title":{"rendered":"Signature de convention entre L\u2019ANPEJ et le JOJ  Dakar 2026 Learning Academy"},"content":{"rendered":"\n<p>L\u2019Agence Nationale de Promotion de l\u2019Employabilit\u00e9 des Jeunes (ANPEJ) et le Comit\u00e9 d\u2019Organisation des JOJ Dakar 2026 ont sign\u00e9 une convention de partenariat strat\u00e9gique qui concr\u00e9tise une vision commune : faire des Jeux Olympiques de la Jeunesse Dakar 2026 un v\u00e9ritable catalyseur d\u2019h\u00e9ritage durable pour la jeunesse.<\/p>\n\n\n\n<p>Cette convention a pour objectif de renforcer l\u2019impact du programme Dakar 2026 Learning Academy. L\u2019ANPEJ jouera un r\u00f4le cl\u00e9 en relayant l\u2019information aupr\u00e8s des jeunes qui ont entre 21 et 35 ans gr\u00e2ce \u00e0 sa pr\u00e9sence dans les r\u00e9gions via le r\u00e9seau \u2018S\u00e9n\u00e9gal Services\u2019. Elle s\u2019engage \u00e9galement \u00e0 proposer un accompagnement sur mesure et des formations cibl\u00e9es aux jeunes issus de la Dakar 2026 Learning Academy.<\/p>\n\n\n\n<p>Gr\u00e2ce \u00e0 cette collaboration, des centaines de jeunes b\u00e9n\u00e9ficieront d\u2019une premi\u00e8re exp\u00e9rience professionnelle unique et contribueront activement \u00e0 l\u2019organisation des premiers Jeux Olympiques de la Jeunesse en Afrique.<\/p>\n","protected":false},"excerpt":{"rendered":"<p>L\u2019Agence Nationale de Promotion de l\u2019Employabilit\u00e9 des Jeunes (ANPEJ) et le Comit\u00e9 d\u2019Organisation des JOJ Dakar 2026 ont sign\u00e9 une convention de partenariat strat\u00e9gique qui concr\u00e9tise une vision commune : [&hellip;]<\/p>\n","protected":false},"author":1,"featured_media":16979,"comment_status":"closed","ping_status":"closed","sticky":false,"template":"","format":"standard","meta":{"footnotes":""},"categories":[41],"tags":[],"class_list":["post-16978","post","type-post","status-publish","format-standard","has-post-thumbnail","hentry","category-actualite"],"rttpg_featured_image_url":{"full":["https:\/\/anpej.sn\/accueil\/wp-content\/uploads\/2025\/08\/76c97178-a093-4dff-acf3-25b6e634986b.jpg",1024,1280,false],"landscape":["https:\/\/anpej.sn\/accueil\/wp-content\/uploads\/2025\/08\/76c97178-a093-4dff-acf3-25b6e634986b.jpg",1024,1280,false],"portraits":["https:\/\/anpej.sn\/accueil\/wp-content\/uploads\/2025\/08\/76c97178-a093-4dff-acf3-25b6e634986b.jpg",1024,1280,false],"thumbnail":["https:\/\/anpej.sn\/accueil\/wp-content\/uploads\/2025\/08\/76c97178-a093-4dff-acf3-25b6e634986b-175x175.jpg",175,175,true],"medium":["https:\/\/anpej.sn\/accueil\/wp-content\/uploads\/2025\/08\/76c97178-a093-4dff-acf3-25b6e634986b-600x540.jpg",600,540,true],"large":["https:\/\/anpej.sn\/accueil\/wp-content\/uploads\/2025\/08\/76c97178-a093-4dff-acf3-25b6e634986b-819x1024.jpg",819,1024,true],"post-thumbnail":["https:\/\/anpej.sn\/accueil\/wp-content\/uploads\/2025\/08\/76c97178-a093-4dff-acf3-25b6e634986b-550x410.jpg",550,410,true],"consilox_medium":["https:\/\/anpej.sn\/accueil\/wp-content\/uploads\/2025\/08\/76c97178-a093-4dff-acf3-25b6e634986b-550x580.jpg",550,580,true],"woocommerce_thumbnail":["https:\/\/anpej.sn\/accueil\/wp-content\/uploads\/2025\/08\/76c97178-a093-4dff-acf3-25b6e634986b-300x300.jpg",300,300,true],"woocommerce_single":["https:\/\/anpej.sn\/accueil\/wp-content\/uploads\/2025\/08\/76c97178-a093-4dff-acf3-25b6e634986b-600x750.jpg",600,750,true],"woocommerce_gallery_thumbnail":["https:\/\/anpej.sn\/accueil\/wp-content\/uploads\/2025\/08\/76c97178-a093-4dff-acf3-25b6e634986b-180x180.jpg",180,180,true]},"rttpg_author":{"display_name":"admin","author_link":"https:\/\/anpej.sn\/accueil\/author\/admin\/"},"rttpg_comment":0,"rttpg_category":"<a href=\"https:\/\/anpej.sn\/accueil\/category\/actualite\/\" rel=\"category tag\">actualit\u00e9<\/a>","rttpg_excerpt":"L\u2019Agence Nationale de Promotion de l\u2019Employabilit\u00e9 des Jeunes (ANPEJ) et le Comit\u00e9 d\u2019Organisation des JOJ Dakar 2026 ont sign\u00e9 une convention de partenariat strat\u00e9gique qui concr\u00e9tise une vision commune : [&hellip;]","_links":{"self":[{"href":"https:\/\/anpej.sn\/accueil\/wp-json\/wp\/v2\/posts\/16978","targetHints":{"allow":["GET"]}}],"collection":[{"href":"https:\/\/anpej.sn\/accueil\/wp-json\/wp\/v2\/posts"}],"about":[{"href":"https:\/\/anpej.sn\/accueil\/wp-json\/wp\/v2\/types\/post"}],"author":[{"embeddable":true,"href":"https:\/\/anpej.sn\/accueil\/wp-json\/wp\/v2\/users\/1"}],"replies":[{"embeddable":true,"href":"https:\/\/anpej.sn\/accueil\/wp-json\/wp\/v2\/comments?post=16978"}],"version-history":[{"count":3,"href":"https:\/\/anpej.sn\/accueil\/wp-json\/wp\/v2\/posts\/16978\/revisions"}],"predecessor-version":[{"id":16984,"href":"https:\/\/anpej.sn\/accueil\/wp-json\/wp\/v2\/posts\/16978\/revisions\/16984"}],"wp:featuredmedia":[{"embeddable":true,"href":"https:\/\/anpej.sn\/accueil\/wp-json\/wp\/v2\/media\/16979"}],"wp:attachment":[{"href":"https:\/\/anpej.sn\/accueil\/wp-json\/wp\/v2\/media?parent=16978"}],"wp:term":[{"taxonomy":"category","embeddable":true,"href":"https:\/\/anpej.sn\/accueil\/wp-json\/wp\/v2\/categories?post=16978"},{"taxonomy":"post_tag","embeddable":true,"href":"https:\/\/anpej.sn\/accueil\/wp-json\/wp\/v2\/tags?post=16978"}],"curies":[{"name":"wp","href":"https:\/\/api.w.org\/{rel}","templated":true}]}}