{"id":17059,"date":"2025-02-26T15:07:02","date_gmt":"2025-02-26T14:07:02","guid":{"rendered":"https:\/\/anpej.sn\/accueil\/?p=17059"},"modified":"2025-08-29T15:11:20","modified_gmt":"2025-08-29T13:11:20","slug":"session-decoute-et-de-prise-de-parole-organisee-par-loim","status":"publish","type":"post","link":"https:\/\/anpej.sn\/accueil\/session-decoute-et-de-prise-de-parole-organisee-par-loim\/","title":{"rendered":"Session d&#8217;\u00e9coute et de prise de parole organis\u00e9e par l&#8217;OIM\u00a0"},"content":{"rendered":"\n<p>Ce mercredi 26 f\u00e9vrier 2025, l&#8217;Agence nationale pour la Promotion de l&#8217;Emploi des Jeunes, \u00e0 travers son Antenne r\u00e9gionale de Thi\u00e8s, a particip\u00e9 \u00e0 la session d&#8217;\u00e9coute et de prise de parole organis\u00e9e par l&#8217;OIM au profit de 25 migrants de retour. L&#8217;objectif de la s\u00e9ance \u00e9tait pour l&#8217;ANPEJ de pr\u00e9senter son offre de services aux participants mais aussi de renforcer leurs capacit\u00e9s en cr\u00e9ation d&#8217;entreprise et en \u00e9ducation financi\u00e8re.<\/p>\n\n\n\n<p><\/p>\n","protected":false},"excerpt":{"rendered":"<p>Ce mercredi 26 f\u00e9vrier 2025, l&#8217;Agence nationale pour la Promotion de l&#8217;Emploi des Jeunes, \u00e0 travers son Antenne r\u00e9gionale de Thi\u00e8s, a particip\u00e9 \u00e0 la session d&#8217;\u00e9coute et de prise [&hellip;]<\/p>\n","protected":false},"author":1,"featured_media":16634,"comment_status":"closed","ping_status":"closed","sticky":false,"template":"","format":"standard","meta":{"footnotes":""},"categories":[41],"tags":[],"class_list":["post-17059","post","type-post","status-publish","format-standard","has-post-thumbnail","hentry","category-actualite"],"rttpg_featured_image_url":{"full":["https:\/\/anpej.sn\/accueil\/wp-content\/uploads\/2025\/03\/Capture-decran-2025-03-04-140333-1.png",968,527,false],"landscape":["https:\/\/anpej.sn\/accueil\/wp-content\/uploads\/2025\/03\/Capture-decran-2025-03-04-140333-1.png",968,527,false],"portraits":["https:\/\/anpej.sn\/accueil\/wp-content\/uploads\/2025\/03\/Capture-decran-2025-03-04-140333-1.png",968,527,false],"thumbnail":["https:\/\/anpej.sn\/accueil\/wp-content\/uploads\/2025\/03\/Capture-decran-2025-03-04-140333-1-175x175.png",175,175,true],"medium":["https:\/\/anpej.sn\/accueil\/wp-content\/uploads\/2025\/03\/Capture-decran-2025-03-04-140333-1-600x527.png",600,527,true],"large":["https:\/\/anpej.sn\/accueil\/wp-content\/uploads\/2025\/03\/Capture-decran-2025-03-04-140333-1.png",900,490,false],"post-thumbnail":["https:\/\/anpej.sn\/accueil\/wp-content\/uploads\/2025\/03\/Capture-decran-2025-03-04-140333-1-550x410.png",550,410,true],"consilox_medium":["https:\/\/anpej.sn\/accueil\/wp-content\/uploads\/2025\/03\/Capture-decran-2025-03-04-140333-1-550x527.png",550,527,true],"woocommerce_thumbnail":["https:\/\/anpej.sn\/accueil\/wp-content\/uploads\/2025\/03\/Capture-decran-2025-03-04-140333-1-300x300.png",300,300,true],"woocommerce_single":["https:\/\/anpej.sn\/accueil\/wp-content\/uploads\/2025\/03\/Capture-decran-2025-03-04-140333-1-600x327.png",600,327,true],"woocommerce_gallery_thumbnail":["https:\/\/anpej.sn\/accueil\/wp-content\/uploads\/2025\/03\/Capture-decran-2025-03-04-140333-1-180x180.png",180,180,true]},"rttpg_author":{"display_name":"admin","author_link":"https:\/\/anpej.sn\/accueil\/author\/admin\/"},"rttpg_comment":0,"rttpg_category":"<a href=\"https:\/\/anpej.sn\/accueil\/category\/actualite\/\" rel=\"category tag\">actualit\u00e9<\/a>","rttpg_excerpt":"Ce mercredi 26 f\u00e9vrier 2025, l&#8217;Agence nationale pour la Promotion de l&#8217;Emploi des Jeunes, \u00e0 travers son Antenne r\u00e9gionale de Thi\u00e8s, a particip\u00e9 \u00e0 la session d&#8217;\u00e9coute et de prise [&hellip;]","_links":{"self":[{"href":"https:\/\/anpej.sn\/accueil\/wp-json\/wp\/v2\/posts\/17059","targetHints":{"allow":["GET"]}}],"collection":[{"href":"https:\/\/anpej.sn\/accueil\/wp-json\/wp\/v2\/posts"}],"about":[{"href":"https:\/\/anpej.sn\/accueil\/wp-json\/wp\/v2\/types\/post"}],"author":[{"embeddable":true,"href":"https:\/\/anpej.sn\/accueil\/wp-json\/wp\/v2\/users\/1"}],"replies":[{"embeddable":true,"href":"https:\/\/anpej.sn\/accueil\/wp-json\/wp\/v2\/comments?post=17059"}],"version-history":[{"count":1,"href":"https:\/\/anpej.sn\/accueil\/wp-json\/wp\/v2\/posts\/17059\/revisions"}],"predecessor-version":[{"id":17060,"href":"https:\/\/anpej.sn\/accueil\/wp-json\/wp\/v2\/posts\/17059\/revisions\/17060"}],"wp:featuredmedia":[{"embeddable":true,"href":"https:\/\/anpej.sn\/accueil\/wp-json\/wp\/v2\/media\/16634"}],"wp:attachment":[{"href":"https:\/\/anpej.sn\/accueil\/wp-json\/wp\/v2\/media?parent=17059"}],"wp:term":[{"taxonomy":"category","embeddable":true,"href":"https:\/\/anpej.sn\/accueil\/wp-json\/wp\/v2\/categories?post=17059"},{"taxonomy":"post_tag","embeddable":true,"href":"https:\/\/anpej.sn\/accueil\/wp-json\/wp\/v2\/tags?post=17059"}],"curies":[{"name":"wp","href":"https:\/\/api.w.org\/{rel}","templated":true}]}}