{"id":17062,"date":"2025-08-23T15:21:18","date_gmt":"2025-08-23T13:21:18","guid":{"rendered":"https:\/\/anpej.sn\/accueil\/?p=17062"},"modified":"2025-08-29T15:23:24","modified_gmt":"2025-08-29T13:23:24","slug":"session-de-formation-sur-la-procedure-de-creation-et-formalisation-des-cooperatives-et-des-gie","status":"publish","type":"post","link":"https:\/\/anpej.sn\/accueil\/session-de-formation-sur-la-procedure-de-creation-et-formalisation-des-cooperatives-et-des-gie\/","title":{"rendered":"Session de formation sur la proc\u00e9dure de cr\u00e9ation et formalisation des coop\u00e9ratives et des GIE"},"content":{"rendered":"\n<p>Le samedi 23 ao\u00fbt, l&#8217;ARTH en partenariat avec le Mouvement des jeunes de Somone et sous la pr\u00e9sidence du Ministre Conseiller, Monsieur Aldiouma SOW, a anim\u00e9 une sessioon de formation sur la proc\u00e9dure de cr\u00e9ation et formalisation des coop\u00e9ratives et des GIE. Au total, les capacit\u00e9s de 50 jeunes ayant des projets de cr\u00e9ation de coop\u00e9rative et de GIE sont renforc\u00e9es sur les tenants et les aboutissants de ces formes de groupement. Voici quelques images de l&#8217;activit\u00e9<\/p>\n","protected":false},"excerpt":{"rendered":"<p>Le samedi 23 ao\u00fbt, l&#8217;ARTH en partenariat avec le Mouvement des jeunes de Somone et sous la pr\u00e9sidence du Ministre Conseiller, Monsieur Aldiouma SOW, a anim\u00e9 une sessioon de formation [&hellip;]<\/p>\n","protected":false},"author":1,"featured_media":17033,"comment_status":"closed","ping_status":"closed","sticky":false,"template":"","format":"standard","meta":{"footnotes":""},"categories":[41],"tags":[],"class_list":["post-17062","post","type-post","status-publish","format-standard","has-post-thumbnail","hentry","category-actualite"],"rttpg_featured_image_url":{"full":["https:\/\/anpej.sn\/accueil\/wp-content\/uploads\/2025\/08\/Act_thies.jpg",1008,756,false],"landscape":["https:\/\/anpej.sn\/accueil\/wp-content\/uploads\/2025\/08\/Act_thies.jpg",1008,756,false],"portraits":["https:\/\/anpej.sn\/accueil\/wp-content\/uploads\/2025\/08\/Act_thies.jpg",1008,756,false],"thumbnail":["https:\/\/anpej.sn\/accueil\/wp-content\/uploads\/2025\/08\/Act_thies-175x175.jpg",175,175,true],"medium":["https:\/\/anpej.sn\/accueil\/wp-content\/uploads\/2025\/08\/Act_thies-600x540.jpg",600,540,true],"large":["https:\/\/anpej.sn\/accueil\/wp-content\/uploads\/2025\/08\/Act_thies.jpg",900,675,false],"post-thumbnail":["https:\/\/anpej.sn\/accueil\/wp-content\/uploads\/2025\/08\/Act_thies-550x410.jpg",550,410,true],"consilox_medium":["https:\/\/anpej.sn\/accueil\/wp-content\/uploads\/2025\/08\/Act_thies-550x580.jpg",550,580,true],"woocommerce_thumbnail":["https:\/\/anpej.sn\/accueil\/wp-content\/uploads\/2025\/08\/Act_thies-300x300.jpg",300,300,true],"woocommerce_single":["https:\/\/anpej.sn\/accueil\/wp-content\/uploads\/2025\/08\/Act_thies-600x450.jpg",600,450,true],"woocommerce_gallery_thumbnail":["https:\/\/anpej.sn\/accueil\/wp-content\/uploads\/2025\/08\/Act_thies-180x180.jpg",180,180,true]},"rttpg_author":{"display_name":"admin","author_link":"https:\/\/anpej.sn\/accueil\/author\/admin\/"},"rttpg_comment":0,"rttpg_category":"<a href=\"https:\/\/anpej.sn\/accueil\/category\/actualite\/\" rel=\"category tag\">actualit\u00e9<\/a>","rttpg_excerpt":"Le samedi 23 ao\u00fbt, l&#8217;ARTH en partenariat avec le Mouvement des jeunes de Somone et sous la pr\u00e9sidence du Ministre Conseiller, Monsieur Aldiouma SOW, a anim\u00e9 une sessioon de formation [&hellip;]","_links":{"self":[{"href":"https:\/\/anpej.sn\/accueil\/wp-json\/wp\/v2\/posts\/17062","targetHints":{"allow":["GET"]}}],"collection":[{"href":"https:\/\/anpej.sn\/accueil\/wp-json\/wp\/v2\/posts"}],"about":[{"href":"https:\/\/anpej.sn\/accueil\/wp-json\/wp\/v2\/types\/post"}],"author":[{"embeddable":true,"href":"https:\/\/anpej.sn\/accueil\/wp-json\/wp\/v2\/users\/1"}],"replies":[{"embeddable":true,"href":"https:\/\/anpej.sn\/accueil\/wp-json\/wp\/v2\/comments?post=17062"}],"version-history":[{"count":1,"href":"https:\/\/anpej.sn\/accueil\/wp-json\/wp\/v2\/posts\/17062\/revisions"}],"predecessor-version":[{"id":17063,"href":"https:\/\/anpej.sn\/accueil\/wp-json\/wp\/v2\/posts\/17062\/revisions\/17063"}],"wp:featuredmedia":[{"embeddable":true,"href":"https:\/\/anpej.sn\/accueil\/wp-json\/wp\/v2\/media\/17033"}],"wp:attachment":[{"href":"https:\/\/anpej.sn\/accueil\/wp-json\/wp\/v2\/media?parent=17062"}],"wp:term":[{"taxonomy":"category","embeddable":true,"href":"https:\/\/anpej.sn\/accueil\/wp-json\/wp\/v2\/categories?post=17062"},{"taxonomy":"post_tag","embeddable":true,"href":"https:\/\/anpej.sn\/accueil\/wp-json\/wp\/v2\/tags?post=17062"}],"curies":[{"name":"wp","href":"https:\/\/api.w.org\/{rel}","templated":true}]}}