{"id":17067,"date":"2025-08-11T15:27:34","date_gmt":"2025-08-11T13:27:34","guid":{"rendered":"https:\/\/anpej.sn\/accueil\/?p=17067"},"modified":"2025-08-29T15:30:24","modified_gmt":"2025-08-29T13:30:24","slug":"session-de-formation-en-entrepreneuriat-au-profit-des-jeunes-acteurs-culturels-du-departement-de-ziguinchor","status":"publish","type":"post","link":"https:\/\/anpej.sn\/accueil\/session-de-formation-en-entrepreneuriat-au-profit-des-jeunes-acteurs-culturels-du-departement-de-ziguinchor\/","title":{"rendered":"Session de formation en entrepreneuriat au profit des jeunes acteurs culturels du d\u00e9partement de Ziguinchor"},"content":{"rendered":"\n<p><\/p>\n\n\n\n<p>Dans le cadre de sa mission de promotion de l\u2019entrepreneuriat et de renforcement de l\u2019employabilit\u00e9 de jeunes ,l\u2019#ANPEJ et son partenaire Association Art of Kids ont organis\u00e9 du 06 au 08 Ao\u00fbt 2025 une formation en entrepreneuriat au profit des jeunes acteurs culturels du d\u00e9partement de Ziguinchor .<br>Cette activit\u00e9 a permis de d\u00e9velopper chez les participants une compr\u00e9hension des principes fondamentaux de l\u2019entrepreneuriat et de les accompagner dans la formulation de projets \u00e9conomiques viables.<\/p>\n\n\n\n<p><\/p>\n","protected":false},"excerpt":{"rendered":"<p>Dans le cadre de sa mission de promotion de l\u2019entrepreneuriat et de renforcement de l\u2019employabilit\u00e9 de jeunes ,l\u2019#ANPEJ et son partenaire Association Art of Kids ont organis\u00e9 du 06 au [&hellip;]<\/p>\n","protected":false},"author":1,"featured_media":17050,"comment_status":"closed","ping_status":"closed","sticky":false,"template":"","format":"standard","meta":{"footnotes":""},"categories":[41],"tags":[],"class_list":["post-17067","post","type-post","status-publish","format-standard","has-post-thumbnail","hentry","category-actualite"],"rttpg_featured_image_url":{"full":["https:\/\/anpej.sn\/accueil\/wp-content\/uploads\/2025\/08\/Antenne_sud.jpg",1600,1066,false],"landscape":["https:\/\/anpej.sn\/accueil\/wp-content\/uploads\/2025\/08\/Antenne_sud.jpg",1600,1066,false],"portraits":["https:\/\/anpej.sn\/accueil\/wp-content\/uploads\/2025\/08\/Antenne_sud.jpg",1600,1066,false],"thumbnail":["https:\/\/anpej.sn\/accueil\/wp-content\/uploads\/2025\/08\/Antenne_sud-175x175.jpg",175,175,true],"medium":["https:\/\/anpej.sn\/accueil\/wp-content\/uploads\/2025\/08\/Antenne_sud-600x540.jpg",600,540,true],"large":["https:\/\/anpej.sn\/accueil\/wp-content\/uploads\/2025\/08\/Antenne_sud-1024x682.jpg",900,599,true],"post-thumbnail":["https:\/\/anpej.sn\/accueil\/wp-content\/uploads\/2025\/08\/Antenne_sud-550x410.jpg",550,410,true],"consilox_medium":["https:\/\/anpej.sn\/accueil\/wp-content\/uploads\/2025\/08\/Antenne_sud-550x580.jpg",550,580,true],"woocommerce_thumbnail":["https:\/\/anpej.sn\/accueil\/wp-content\/uploads\/2025\/08\/Antenne_sud-300x300.jpg",300,300,true],"woocommerce_single":["https:\/\/anpej.sn\/accueil\/wp-content\/uploads\/2025\/08\/Antenne_sud-600x400.jpg",600,400,true],"woocommerce_gallery_thumbnail":["https:\/\/anpej.sn\/accueil\/wp-content\/uploads\/2025\/08\/Antenne_sud-180x180.jpg",180,180,true]},"rttpg_author":{"display_name":"admin","author_link":"https:\/\/anpej.sn\/accueil\/author\/admin\/"},"rttpg_comment":0,"rttpg_category":"<a href=\"https:\/\/anpej.sn\/accueil\/category\/actualite\/\" rel=\"category tag\">actualit\u00e9<\/a>","rttpg_excerpt":"Dans le cadre de sa mission de promotion de l\u2019entrepreneuriat et de renforcement de l\u2019employabilit\u00e9 de jeunes ,l\u2019#ANPEJ et son partenaire Association Art of Kids ont organis\u00e9 du 06 au [&hellip;]","_links":{"self":[{"href":"https:\/\/anpej.sn\/accueil\/wp-json\/wp\/v2\/posts\/17067","targetHints":{"allow":["GET"]}}],"collection":[{"href":"https:\/\/anpej.sn\/accueil\/wp-json\/wp\/v2\/posts"}],"about":[{"href":"https:\/\/anpej.sn\/accueil\/wp-json\/wp\/v2\/types\/post"}],"author":[{"embeddable":true,"href":"https:\/\/anpej.sn\/accueil\/wp-json\/wp\/v2\/users\/1"}],"replies":[{"embeddable":true,"href":"https:\/\/anpej.sn\/accueil\/wp-json\/wp\/v2\/comments?post=17067"}],"version-history":[{"count":1,"href":"https:\/\/anpej.sn\/accueil\/wp-json\/wp\/v2\/posts\/17067\/revisions"}],"predecessor-version":[{"id":17068,"href":"https:\/\/anpej.sn\/accueil\/wp-json\/wp\/v2\/posts\/17067\/revisions\/17068"}],"wp:featuredmedia":[{"embeddable":true,"href":"https:\/\/anpej.sn\/accueil\/wp-json\/wp\/v2\/media\/17050"}],"wp:attachment":[{"href":"https:\/\/anpej.sn\/accueil\/wp-json\/wp\/v2\/media?parent=17067"}],"wp:term":[{"taxonomy":"category","embeddable":true,"href":"https:\/\/anpej.sn\/accueil\/wp-json\/wp\/v2\/categories?post=17067"},{"taxonomy":"post_tag","embeddable":true,"href":"https:\/\/anpej.sn\/accueil\/wp-json\/wp\/v2\/tags?post=17067"}],"curies":[{"name":"wp","href":"https:\/\/api.w.org\/{rel}","templated":true}]}}