{"id":17082,"date":"2025-09-08T12:49:37","date_gmt":"2025-09-08T10:49:37","guid":{"rendered":"https:\/\/anpej.sn\/accueil\/?p=17082"},"modified":"2025-09-08T12:49:38","modified_gmt":"2025-09-08T10:49:38","slug":"du-25-au-29-aout-2025-lanpej-en-partenariat-avec-la-commune-de-jaxaay-parcelles-a-organise-une-animation-economique-a-la-mairie-de-jaxaay","status":"publish","type":"post","link":"https:\/\/anpej.sn\/accueil\/du-25-au-29-aout-2025-lanpej-en-partenariat-avec-la-commune-de-jaxaay-parcelles-a-organise-une-animation-economique-a-la-mairie-de-jaxaay\/","title":{"rendered":"Du 25 au 29 ao\u00fbt 2025, l\u2019ANPEJ, en partenariat avec la commune de Jaxaay Parcelles, a organis\u00e9 une animation \u00e9conomique \u00e0 la mairie de Jaxaay"},"content":{"rendered":"\n<p>Informer les jeunes sur les opportunit\u00e9s offertes par l\u2019ANPEJ et les enr\u00f4ler dans le Syst\u00e8me d\u2019Information du March\u00e9 de l\u2019Emploi (SIME) afin de faciliter leur insertion professionnelle.<\/p>\n\n\n\n<p>R\u00e9sultats obtenus en 5 jours :<\/p>\n\n\n\n<ul class=\"wp-block-list\">\n<li>319 jeunes touch\u00e9s et sensibilis\u00e9s (172 filles et 147 gar\u00e7ons)<\/li>\n\n\n\n<li>\u2060300 jeunes inscrits dans le SIME (162 filles et 138 gar\u00e7ons)<\/li>\n\n\n\n<li>\u2060235 dossiers complets enregistr\u00e9s pour un suivi rapproch\u00e9<\/li>\n\n\n\n<li>\u2060173 jeunes ont exprim\u00e9 le besoin de formations en :<\/li>\n<\/ul>\n\n\n\n<ol class=\"wp-block-list\">\n<li>D\u00e9veloppement personnel &amp; Techniques de Recherche d\u2019Emploi (TRE)<\/li>\n\n\n\n<li>\u2060Entrepreneuriat &amp; \u00c9ducation financi\u00e8re<\/li>\n\n\n\n<li>\u2060\u00c9laboration de Business Plan<\/li>\n<\/ol>\n\n\n\n<p>Prochaines \u00e9tapes :<\/p>\n\n\n\n<p>Sessions de formation pr\u00e9vues du 17 au 19 septembre 2025 *<em>\u00e0 la mairie de Jaxaay au profit de 100 jeunes inscrits dans le SIME lors des enr\u00f4lements &#8211;<\/em> C\u00e9r\u00e9monie de cl\u00f4ture le samedi *20 septembre 2025, regroupant les communes de Jaxaay et de Keur Massar Sud.<\/p>\n\n\n\n<p>Merci \u00e0 tous les jeunes mobilis\u00e9s, aux conseillers ANPEJ et aux autorit\u00e9s locales pour leur engagement en faveur de l\u2019insertion et de l\u2019autonomisation des jeunes.<\/p>\n","protected":false},"excerpt":{"rendered":"<p>Informer les jeunes sur les opportunit\u00e9s offertes par l\u2019ANPEJ et les enr\u00f4ler dans le Syst\u00e8me d\u2019Information du March\u00e9 de l\u2019Emploi (SIME) afin de faciliter leur insertion professionnelle. R\u00e9sultats obtenus en [&hellip;]<\/p>\n","protected":false},"author":1,"featured_media":17083,"comment_status":"closed","ping_status":"closed","sticky":false,"template":"","format":"standard","meta":{"footnotes":""},"categories":[41],"tags":[],"class_list":["post-17082","post","type-post","status-publish","format-standard","has-post-thumbnail","hentry","category-actualite"],"rttpg_featured_image_url":{"full":["https:\/\/anpej.sn\/accueil\/wp-content\/uploads\/2025\/09\/2fba8bd9-2efe-4f0a-a01a-107c9b8abf03.jpg",810,1080,false],"landscape":["https:\/\/anpej.sn\/accueil\/wp-content\/uploads\/2025\/09\/2fba8bd9-2efe-4f0a-a01a-107c9b8abf03.jpg",810,1080,false],"portraits":["https:\/\/anpej.sn\/accueil\/wp-content\/uploads\/2025\/09\/2fba8bd9-2efe-4f0a-a01a-107c9b8abf03.jpg",810,1080,false],"thumbnail":["https:\/\/anpej.sn\/accueil\/wp-content\/uploads\/2025\/09\/2fba8bd9-2efe-4f0a-a01a-107c9b8abf03-175x175.jpg",175,175,true],"medium":["https:\/\/anpej.sn\/accueil\/wp-content\/uploads\/2025\/09\/2fba8bd9-2efe-4f0a-a01a-107c9b8abf03-600x540.jpg",600,540,true],"large":["https:\/\/anpej.sn\/accueil\/wp-content\/uploads\/2025\/09\/2fba8bd9-2efe-4f0a-a01a-107c9b8abf03-768x1024.jpg",768,1024,true],"post-thumbnail":["https:\/\/anpej.sn\/accueil\/wp-content\/uploads\/2025\/09\/2fba8bd9-2efe-4f0a-a01a-107c9b8abf03-550x410.jpg",550,410,true],"consilox_medium":["https:\/\/anpej.sn\/accueil\/wp-content\/uploads\/2025\/09\/2fba8bd9-2efe-4f0a-a01a-107c9b8abf03-550x580.jpg",550,580,true],"woocommerce_thumbnail":["https:\/\/anpej.sn\/accueil\/wp-content\/uploads\/2025\/09\/2fba8bd9-2efe-4f0a-a01a-107c9b8abf03-300x300.jpg",300,300,true],"woocommerce_single":["https:\/\/anpej.sn\/accueil\/wp-content\/uploads\/2025\/09\/2fba8bd9-2efe-4f0a-a01a-107c9b8abf03-600x800.jpg",600,800,true],"woocommerce_gallery_thumbnail":["https:\/\/anpej.sn\/accueil\/wp-content\/uploads\/2025\/09\/2fba8bd9-2efe-4f0a-a01a-107c9b8abf03-180x180.jpg",180,180,true]},"rttpg_author":{"display_name":"admin","author_link":"https:\/\/anpej.sn\/accueil\/author\/admin\/"},"rttpg_comment":0,"rttpg_category":"<a href=\"https:\/\/anpej.sn\/accueil\/category\/actualite\/\" rel=\"category tag\">actualit\u00e9<\/a>","rttpg_excerpt":"Informer les jeunes sur les opportunit\u00e9s offertes par l\u2019ANPEJ et les enr\u00f4ler dans le Syst\u00e8me d\u2019Information du March\u00e9 de l\u2019Emploi (SIME) afin de faciliter leur insertion professionnelle. R\u00e9sultats obtenus en [&hellip;]","_links":{"self":[{"href":"https:\/\/anpej.sn\/accueil\/wp-json\/wp\/v2\/posts\/17082","targetHints":{"allow":["GET"]}}],"collection":[{"href":"https:\/\/anpej.sn\/accueil\/wp-json\/wp\/v2\/posts"}],"about":[{"href":"https:\/\/anpej.sn\/accueil\/wp-json\/wp\/v2\/types\/post"}],"author":[{"embeddable":true,"href":"https:\/\/anpej.sn\/accueil\/wp-json\/wp\/v2\/users\/1"}],"replies":[{"embeddable":true,"href":"https:\/\/anpej.sn\/accueil\/wp-json\/wp\/v2\/comments?post=17082"}],"version-history":[{"count":1,"href":"https:\/\/anpej.sn\/accueil\/wp-json\/wp\/v2\/posts\/17082\/revisions"}],"predecessor-version":[{"id":17084,"href":"https:\/\/anpej.sn\/accueil\/wp-json\/wp\/v2\/posts\/17082\/revisions\/17084"}],"wp:featuredmedia":[{"embeddable":true,"href":"https:\/\/anpej.sn\/accueil\/wp-json\/wp\/v2\/media\/17083"}],"wp:attachment":[{"href":"https:\/\/anpej.sn\/accueil\/wp-json\/wp\/v2\/media?parent=17082"}],"wp:term":[{"taxonomy":"category","embeddable":true,"href":"https:\/\/anpej.sn\/accueil\/wp-json\/wp\/v2\/categories?post=17082"},{"taxonomy":"post_tag","embeddable":true,"href":"https:\/\/anpej.sn\/accueil\/wp-json\/wp\/v2\/tags?post=17082"}],"curies":[{"name":"wp","href":"https:\/\/api.w.org\/{rel}","templated":true}]}}