{"id":17093,"date":"2025-09-09T13:56:11","date_gmt":"2025-09-09T11:56:11","guid":{"rendered":"https:\/\/anpej.sn\/accueil\/?p=17093"},"modified":"2025-09-09T13:58:22","modified_gmt":"2025-09-09T11:58:22","slug":"formation-sur-la-planification-et-la-gouvernance-inclusive","status":"publish","type":"post","link":"https:\/\/anpej.sn\/accueil\/formation-sur-la-planification-et-la-gouvernance-inclusive\/","title":{"rendered":"Formation sur la planification et la gouvernance inclusive"},"content":{"rendered":"\n<p><\/p>\n\n\n\n<p><\/p>\n\n\n\n<p>Dans le cadre du projet \u00ab D\u00e9miner pour une paix et un d\u00e9veloppement durable inclusif en Casamance \u00bb financ\u00e9 par l\u2019Union Europ\u00e9enne,l\u2019#ANPEJ et #Humanite_et_Inclusion ont organis\u00e9 une formation sur la planification et la gouvernance inclusive, au profit de 80 membres des comit\u00e9s villageois de Ziguinchor et de Goudomp .<br>L\u2019Objectif de cette activit\u00e9 est de renforcer les capacit\u00e9s des membres des comit\u00e9s villageois en mati\u00e8re de planification participative, de gouvernance inclusive afin de favoriser une appropriation locale des dynamiques de paix et de d\u00e9veloppement.<\/p>\n\n\n\n<p><\/p>\n","protected":false},"excerpt":{"rendered":"<p>Dans le cadre du projet \u00ab D\u00e9miner pour une paix et un d\u00e9veloppement durable inclusif en Casamance \u00bb financ\u00e9 par l\u2019Union Europ\u00e9enne,l\u2019#ANPEJ et #Humanite_et_Inclusion ont organis\u00e9 une formation sur la [&hellip;]<\/p>\n","protected":false},"author":1,"featured_media":17095,"comment_status":"closed","ping_status":"closed","sticky":false,"template":"","format":"standard","meta":{"footnotes":""},"categories":[41],"tags":[],"class_list":["post-17093","post","type-post","status-publish","format-standard","has-post-thumbnail","hentry","category-actualite"],"rttpg_featured_image_url":{"full":["https:\/\/anpej.sn\/accueil\/wp-content\/uploads\/2025\/09\/a770a5d1-f043-49d9-a3ec-85637d8ce3b5.jpg",1120,504,false],"landscape":["https:\/\/anpej.sn\/accueil\/wp-content\/uploads\/2025\/09\/a770a5d1-f043-49d9-a3ec-85637d8ce3b5.jpg",1120,504,false],"portraits":["https:\/\/anpej.sn\/accueil\/wp-content\/uploads\/2025\/09\/a770a5d1-f043-49d9-a3ec-85637d8ce3b5.jpg",1120,504,false],"thumbnail":["https:\/\/anpej.sn\/accueil\/wp-content\/uploads\/2025\/09\/a770a5d1-f043-49d9-a3ec-85637d8ce3b5-175x175.jpg",175,175,true],"medium":["https:\/\/anpej.sn\/accueil\/wp-content\/uploads\/2025\/09\/a770a5d1-f043-49d9-a3ec-85637d8ce3b5-600x504.jpg",600,504,true],"large":["https:\/\/anpej.sn\/accueil\/wp-content\/uploads\/2025\/09\/a770a5d1-f043-49d9-a3ec-85637d8ce3b5-1024x461.jpg",900,405,true],"post-thumbnail":["https:\/\/anpej.sn\/accueil\/wp-content\/uploads\/2025\/09\/a770a5d1-f043-49d9-a3ec-85637d8ce3b5-550x410.jpg",550,410,true],"consilox_medium":["https:\/\/anpej.sn\/accueil\/wp-content\/uploads\/2025\/09\/a770a5d1-f043-49d9-a3ec-85637d8ce3b5-550x504.jpg",550,504,true],"woocommerce_thumbnail":["https:\/\/anpej.sn\/accueil\/wp-content\/uploads\/2025\/09\/a770a5d1-f043-49d9-a3ec-85637d8ce3b5-300x300.jpg",300,300,true],"woocommerce_single":["https:\/\/anpej.sn\/accueil\/wp-content\/uploads\/2025\/09\/a770a5d1-f043-49d9-a3ec-85637d8ce3b5-600x270.jpg",600,270,true],"woocommerce_gallery_thumbnail":["https:\/\/anpej.sn\/accueil\/wp-content\/uploads\/2025\/09\/a770a5d1-f043-49d9-a3ec-85637d8ce3b5-180x180.jpg",180,180,true]},"rttpg_author":{"display_name":"admin","author_link":"https:\/\/anpej.sn\/accueil\/author\/admin\/"},"rttpg_comment":0,"rttpg_category":"<a href=\"https:\/\/anpej.sn\/accueil\/category\/actualite\/\" rel=\"category tag\">actualit\u00e9<\/a>","rttpg_excerpt":"Dans le cadre du projet \u00ab D\u00e9miner pour une paix et un d\u00e9veloppement durable inclusif en Casamance \u00bb financ\u00e9 par l\u2019Union Europ\u00e9enne,l\u2019#ANPEJ et #Humanite_et_Inclusion ont organis\u00e9 une formation sur la [&hellip;]","_links":{"self":[{"href":"https:\/\/anpej.sn\/accueil\/wp-json\/wp\/v2\/posts\/17093","targetHints":{"allow":["GET"]}}],"collection":[{"href":"https:\/\/anpej.sn\/accueil\/wp-json\/wp\/v2\/posts"}],"about":[{"href":"https:\/\/anpej.sn\/accueil\/wp-json\/wp\/v2\/types\/post"}],"author":[{"embeddable":true,"href":"https:\/\/anpej.sn\/accueil\/wp-json\/wp\/v2\/users\/1"}],"replies":[{"embeddable":true,"href":"https:\/\/anpej.sn\/accueil\/wp-json\/wp\/v2\/comments?post=17093"}],"version-history":[{"count":2,"href":"https:\/\/anpej.sn\/accueil\/wp-json\/wp\/v2\/posts\/17093\/revisions"}],"predecessor-version":[{"id":17098,"href":"https:\/\/anpej.sn\/accueil\/wp-json\/wp\/v2\/posts\/17093\/revisions\/17098"}],"wp:featuredmedia":[{"embeddable":true,"href":"https:\/\/anpej.sn\/accueil\/wp-json\/wp\/v2\/media\/17095"}],"wp:attachment":[{"href":"https:\/\/anpej.sn\/accueil\/wp-json\/wp\/v2\/media?parent=17093"}],"wp:term":[{"taxonomy":"category","embeddable":true,"href":"https:\/\/anpej.sn\/accueil\/wp-json\/wp\/v2\/categories?post=17093"},{"taxonomy":"post_tag","embeddable":true,"href":"https:\/\/anpej.sn\/accueil\/wp-json\/wp\/v2\/tags?post=17093"}],"curies":[{"name":"wp","href":"https:\/\/api.w.org\/{rel}","templated":true}]}}