{"id":17103,"date":"2025-09-15T11:39:09","date_gmt":"2025-09-15T09:39:09","guid":{"rendered":"https:\/\/anpej.sn\/accueil\/?p=17103"},"modified":"2025-09-15T11:39:10","modified_gmt":"2025-09-15T09:39:10","slug":"session-de-formation-sur-la-comptabilite-simplifiee","status":"publish","type":"post","link":"https:\/\/anpej.sn\/accueil\/session-de-formation-sur-la-comptabilite-simplifiee\/","title":{"rendered":"Session de formation sur la comptabilit\u00e9 simplifi\u00e9e"},"content":{"rendered":"\n<p>Les 08 et 09 septembre, l&#8217;ARTH en partenariat avec le p\u00f4le emploi de Lingu\u00e8re a organis\u00e9 une session de formation sur la comptabilit\u00e9 simplifi\u00e9e. Au total, 30 jeunes entrepreneurs et\/ou porteurs d&#8217;initiative \u00e9conomique peuvent d\u00e9sormais tenir un syst\u00e8me minimal de tr\u00e9sorerie.<\/p>\n\n\n\n<p><\/p>\n","protected":false},"excerpt":{"rendered":"<p>Les 08 et 09 septembre, l&#8217;ARTH en partenariat avec le p\u00f4le emploi de Lingu\u00e8re a organis\u00e9 une session de formation sur la comptabilit\u00e9 simplifi\u00e9e. Au total, 30 jeunes entrepreneurs et\/ou [&hellip;]<\/p>\n","protected":false},"author":1,"featured_media":17104,"comment_status":"closed","ping_status":"closed","sticky":false,"template":"","format":"standard","meta":{"footnotes":""},"categories":[41],"tags":[],"class_list":["post-17103","post","type-post","status-publish","format-standard","has-post-thumbnail","hentry","category-actualite"],"rttpg_featured_image_url":{"full":["https:\/\/anpej.sn\/accueil\/wp-content\/uploads\/2025\/09\/image-CATH.jpg",2560,1920,false],"landscape":["https:\/\/anpej.sn\/accueil\/wp-content\/uploads\/2025\/09\/image-CATH.jpg",2560,1920,false],"portraits":["https:\/\/anpej.sn\/accueil\/wp-content\/uploads\/2025\/09\/image-CATH.jpg",2560,1920,false],"thumbnail":["https:\/\/anpej.sn\/accueil\/wp-content\/uploads\/2025\/09\/image-CATH-175x175.jpg",175,175,true],"medium":["https:\/\/anpej.sn\/accueil\/wp-content\/uploads\/2025\/09\/image-CATH-600x540.jpg",600,540,true],"large":["https:\/\/anpej.sn\/accueil\/wp-content\/uploads\/2025\/09\/image-CATH-1024x768.jpg",900,675,true],"post-thumbnail":["https:\/\/anpej.sn\/accueil\/wp-content\/uploads\/2025\/09\/image-CATH-550x410.jpg",550,410,true],"consilox_medium":["https:\/\/anpej.sn\/accueil\/wp-content\/uploads\/2025\/09\/image-CATH-550x580.jpg",550,580,true],"woocommerce_thumbnail":["https:\/\/anpej.sn\/accueil\/wp-content\/uploads\/2025\/09\/image-CATH-300x300.jpg",300,300,true],"woocommerce_single":["https:\/\/anpej.sn\/accueil\/wp-content\/uploads\/2025\/09\/image-CATH-600x450.jpg",600,450,true],"woocommerce_gallery_thumbnail":["https:\/\/anpej.sn\/accueil\/wp-content\/uploads\/2025\/09\/image-CATH-180x180.jpg",180,180,true]},"rttpg_author":{"display_name":"admin","author_link":"https:\/\/anpej.sn\/accueil\/author\/admin\/"},"rttpg_comment":0,"rttpg_category":"<a href=\"https:\/\/anpej.sn\/accueil\/category\/actualite\/\" rel=\"category tag\">actualit\u00e9<\/a>","rttpg_excerpt":"Les 08 et 09 septembre, l&#8217;ARTH en partenariat avec le p\u00f4le emploi de Lingu\u00e8re a organis\u00e9 une session de formation sur la comptabilit\u00e9 simplifi\u00e9e. Au total, 30 jeunes entrepreneurs et\/ou [&hellip;]","_links":{"self":[{"href":"https:\/\/anpej.sn\/accueil\/wp-json\/wp\/v2\/posts\/17103","targetHints":{"allow":["GET"]}}],"collection":[{"href":"https:\/\/anpej.sn\/accueil\/wp-json\/wp\/v2\/posts"}],"about":[{"href":"https:\/\/anpej.sn\/accueil\/wp-json\/wp\/v2\/types\/post"}],"author":[{"embeddable":true,"href":"https:\/\/anpej.sn\/accueil\/wp-json\/wp\/v2\/users\/1"}],"replies":[{"embeddable":true,"href":"https:\/\/anpej.sn\/accueil\/wp-json\/wp\/v2\/comments?post=17103"}],"version-history":[{"count":1,"href":"https:\/\/anpej.sn\/accueil\/wp-json\/wp\/v2\/posts\/17103\/revisions"}],"predecessor-version":[{"id":17105,"href":"https:\/\/anpej.sn\/accueil\/wp-json\/wp\/v2\/posts\/17103\/revisions\/17105"}],"wp:featuredmedia":[{"embeddable":true,"href":"https:\/\/anpej.sn\/accueil\/wp-json\/wp\/v2\/media\/17104"}],"wp:attachment":[{"href":"https:\/\/anpej.sn\/accueil\/wp-json\/wp\/v2\/media?parent=17103"}],"wp:term":[{"taxonomy":"category","embeddable":true,"href":"https:\/\/anpej.sn\/accueil\/wp-json\/wp\/v2\/categories?post=17103"},{"taxonomy":"post_tag","embeddable":true,"href":"https:\/\/anpej.sn\/accueil\/wp-json\/wp\/v2\/tags?post=17103"}],"curies":[{"name":"wp","href":"https:\/\/api.w.org\/{rel}","templated":true}]}}