{"id":17106,"date":"2025-09-15T11:55:03","date_gmt":"2025-09-15T09:55:03","guid":{"rendered":"https:\/\/anpej.sn\/accueil\/?p=17106"},"modified":"2025-09-15T11:55:04","modified_gmt":"2025-09-15T09:55:04","slug":"programme-vacances-skills-76-jeunes-certifies-en-intelligence-artificielle-et-entrepreneuriat-digital-a-thies","status":"publish","type":"post","link":"https:\/\/anpej.sn\/accueil\/programme-vacances-skills-76-jeunes-certifies-en-intelligence-artificielle-et-entrepreneuriat-digital-a-thies\/","title":{"rendered":"Programme Vacances Skills : 76 jeunes certifi\u00e9s en intelligence artificielle et entrepreneuriat digital \u00e0 Thi\u00e8s"},"content":{"rendered":"\n<p>Dans le cadre du programme Vacances Skills initi\u00e9 par l&#8217;incubateur IBMS (Informatique Business Management et Skills) et CMC (Cabinet Management et Conseil) Afrique en partenariat avec l&#8217;ARTH et l&#8217;Espace jeune de Thi\u00e8s, 76 jeunes ont \u00e9t\u00e9 form\u00e9s sur l&#8217;intelligence artificielle et l&#8217;entrepreneuriat digital. A cet effet, une c\u00e9r\u00e9monie de remise d&#8217;attestation a \u00e9t\u00e9 organis\u00e9e ce samedi 13 septembre dans les locaux de l&#8217;ANPEJ Thi\u00e8s<\/p>\n\n\n\n<p><\/p>\n","protected":false},"excerpt":{"rendered":"<p>Dans le cadre du programme Vacances Skills initi\u00e9 par l&#8217;incubateur IBMS (Informatique Business Management et Skills) et CMC (Cabinet Management et Conseil) Afrique en partenariat avec l&#8217;ARTH et l&#8217;Espace jeune [&hellip;]<\/p>\n","protected":false},"author":1,"featured_media":17107,"comment_status":"closed","ping_status":"closed","sticky":false,"template":"","format":"standard","meta":{"footnotes":""},"categories":[41],"tags":[],"class_list":["post-17106","post","type-post","status-publish","format-standard","has-post-thumbnail","hentry","category-actualite"],"rttpg_featured_image_url":{"full":["https:\/\/anpej.sn\/accueil\/wp-content\/uploads\/2025\/09\/25a92d44-84b7-4c6b-a6cc-ee35cd7e99ff.jpg",2560,1920,false],"landscape":["https:\/\/anpej.sn\/accueil\/wp-content\/uploads\/2025\/09\/25a92d44-84b7-4c6b-a6cc-ee35cd7e99ff.jpg",2560,1920,false],"portraits":["https:\/\/anpej.sn\/accueil\/wp-content\/uploads\/2025\/09\/25a92d44-84b7-4c6b-a6cc-ee35cd7e99ff.jpg",2560,1920,false],"thumbnail":["https:\/\/anpej.sn\/accueil\/wp-content\/uploads\/2025\/09\/25a92d44-84b7-4c6b-a6cc-ee35cd7e99ff-175x175.jpg",175,175,true],"medium":["https:\/\/anpej.sn\/accueil\/wp-content\/uploads\/2025\/09\/25a92d44-84b7-4c6b-a6cc-ee35cd7e99ff-600x540.jpg",600,540,true],"large":["https:\/\/anpej.sn\/accueil\/wp-content\/uploads\/2025\/09\/25a92d44-84b7-4c6b-a6cc-ee35cd7e99ff-1024x768.jpg",900,675,true],"post-thumbnail":["https:\/\/anpej.sn\/accueil\/wp-content\/uploads\/2025\/09\/25a92d44-84b7-4c6b-a6cc-ee35cd7e99ff-550x410.jpg",550,410,true],"consilox_medium":["https:\/\/anpej.sn\/accueil\/wp-content\/uploads\/2025\/09\/25a92d44-84b7-4c6b-a6cc-ee35cd7e99ff-550x580.jpg",550,580,true],"woocommerce_thumbnail":["https:\/\/anpej.sn\/accueil\/wp-content\/uploads\/2025\/09\/25a92d44-84b7-4c6b-a6cc-ee35cd7e99ff-300x300.jpg",300,300,true],"woocommerce_single":["https:\/\/anpej.sn\/accueil\/wp-content\/uploads\/2025\/09\/25a92d44-84b7-4c6b-a6cc-ee35cd7e99ff-600x450.jpg",600,450,true],"woocommerce_gallery_thumbnail":["https:\/\/anpej.sn\/accueil\/wp-content\/uploads\/2025\/09\/25a92d44-84b7-4c6b-a6cc-ee35cd7e99ff-180x180.jpg",180,180,true]},"rttpg_author":{"display_name":"admin","author_link":"https:\/\/anpej.sn\/accueil\/author\/admin\/"},"rttpg_comment":0,"rttpg_category":"<a href=\"https:\/\/anpej.sn\/accueil\/category\/actualite\/\" rel=\"category tag\">actualit\u00e9<\/a>","rttpg_excerpt":"Dans le cadre du programme Vacances Skills initi\u00e9 par l&#8217;incubateur IBMS (Informatique Business Management et Skills) et CMC (Cabinet Management et Conseil) Afrique en partenariat avec l&#8217;ARTH et l&#8217;Espace jeune [&hellip;]","_links":{"self":[{"href":"https:\/\/anpej.sn\/accueil\/wp-json\/wp\/v2\/posts\/17106","targetHints":{"allow":["GET"]}}],"collection":[{"href":"https:\/\/anpej.sn\/accueil\/wp-json\/wp\/v2\/posts"}],"about":[{"href":"https:\/\/anpej.sn\/accueil\/wp-json\/wp\/v2\/types\/post"}],"author":[{"embeddable":true,"href":"https:\/\/anpej.sn\/accueil\/wp-json\/wp\/v2\/users\/1"}],"replies":[{"embeddable":true,"href":"https:\/\/anpej.sn\/accueil\/wp-json\/wp\/v2\/comments?post=17106"}],"version-history":[{"count":1,"href":"https:\/\/anpej.sn\/accueil\/wp-json\/wp\/v2\/posts\/17106\/revisions"}],"predecessor-version":[{"id":17108,"href":"https:\/\/anpej.sn\/accueil\/wp-json\/wp\/v2\/posts\/17106\/revisions\/17108"}],"wp:featuredmedia":[{"embeddable":true,"href":"https:\/\/anpej.sn\/accueil\/wp-json\/wp\/v2\/media\/17107"}],"wp:attachment":[{"href":"https:\/\/anpej.sn\/accueil\/wp-json\/wp\/v2\/media?parent=17106"}],"wp:term":[{"taxonomy":"category","embeddable":true,"href":"https:\/\/anpej.sn\/accueil\/wp-json\/wp\/v2\/categories?post=17106"},{"taxonomy":"post_tag","embeddable":true,"href":"https:\/\/anpej.sn\/accueil\/wp-json\/wp\/v2\/tags?post=17106"}],"curies":[{"name":"wp","href":"https:\/\/api.w.org\/{rel}","templated":true}]}}